{"id":7354,"date":"2018-05-08T15:12:22","date_gmt":"2018-05-08T18:12:22","guid":{"rendered":"http:\/\/www.sertsc.org.br\/site\/?p=7354"},"modified":"2018-05-08T15:12:22","modified_gmt":"2018-05-08T18:12:22","slug":"combate-noticias-falsas-exige-conscientizacao-diz-especialista","status":"publish","type":"post","link":"https:\/\/sertsc.org.br\/site\/combate-noticias-falsas-exige-conscientizacao-diz-especialista\/","title":{"rendered":"Combate a not\u00edcias falsas exige conscientiza\u00e7\u00e3o, diz especialista"},"content":{"rendered":"<p style=\"text-align: center;\">A avalia\u00e7\u00e3o foi afeita pelo conselheiro Miguel Matos, integrante do Conselho de Comunica\u00e7\u00e3o Social (CCS), ao comentar os 14 projetos de lei em tramita\u00e7\u00e3o no Congresso<\/p>\n<p style=\"text-align: justify;\">O combate \u00e0s fake news \u2014 a dissemina\u00e7\u00e3o de not\u00edcias falsas \u2014 n\u00e3o passa s\u00f3 pela criminaliza\u00e7\u00e3o da pr\u00e1tica, mas deve envolver uma a\u00e7\u00e3o conjunta de \u00f3rg\u00e3os competentes para elaborar pol\u00edticas p\u00fablicas para conscientizar a popula\u00e7\u00e3o. A avalia\u00e7\u00e3o foi afeita pelo conselheiro Miguel Matos, integrante do Conselho de Comunica\u00e7\u00e3o Social (CCS), ao comentar os 14 projetos de lei em tramita\u00e7\u00e3o no Congresso \u2014 13 na C\u00e2mara e um no Senado.<\/p>\n<p style=\"text-align: justify;\">Em seu relat\u00f3rio sobre o tema, Matos, que \u00e9 representante da sociedade civil, preferiu n\u00e3o se manifestar a favor ou contra os projetos, tendo em vista a disparidade das propostas. Ele ressaltou que caber\u00e1 ao legislador a defini\u00e7\u00e3o das normas mais adequadas. O relat\u00f3rio dever\u00e1 ser votado pelo CCS em sua pr\u00f3xima reuni\u00e3o.<\/p>\n<p style=\"text-align: justify;\">De forma geral, ressaltou Matos, os projetos prop\u00f5em altera\u00e7\u00f5es no C\u00f3digo Penal e no C\u00f3digo Eleitoral e ainda a cria\u00e7\u00e3o de nova legisla\u00e7\u00e3o. Quanto ao alcance das propostas, as que modificam o C\u00f3digo Penal t\u00eam car\u00e1ter mais ampliado, enquanto outras contemplam apenas as elei\u00e7\u00f5es e o restante prop\u00f5e a defini\u00e7\u00e3o de fake news, o estabelecimento de responsabilidades e a retirada de conte\u00fado da internet, entre outros.<\/p>\n<p style=\"text-align: justify;\">Dados apontam assassinato de dois jornalistas e agress\u00e3o a 41 s\u00f3 neste ano<br \/>\nEntre os projetos, Matos citou o PLC 79\/2016, que muda as normas no setor de telecomunica\u00e7\u00f5es; o PL 7604\/2017 (na C\u00e2mara), que prev\u00ea a aplica\u00e7\u00e3o de multa pela divulga\u00e7\u00e3o de informa\u00e7\u00f5es falsas; o PL 9533\/2018 (tamb\u00e9m na C\u00e2mara), que altera a Lei de Seguran\u00e7a Nacional; e o PL 6812\/17 (na C\u00e2mara), que disp\u00f5e sobre a tipifica\u00e7\u00e3o criminal da divulga\u00e7\u00e3o ou compartilhamento de informa\u00e7\u00e3o falsa ou incompleta na internet.<\/p>\n<p style=\"text-align: justify;\">\n<p style=\"text-align: justify;\">\n<p style=\"text-align: justify;\">Not\u00edcias falsas | Frente parlamentar<\/p>\n<p style=\"text-align: justify;\">Matos destacou o trabalho feito por uma frente parlamentar na C\u00e2mara sobre o tema, al\u00e9m das a\u00e7\u00f5es propostas pela Comunidade Europeia no combate \u00e0s not\u00edcias falsas, que incluem o aumento da transpar\u00eancia das not\u00edcias online; a \u201calfabetiza\u00e7\u00e3o midi\u00e1tica\u201d; a capacita\u00e7\u00e3o de jornalistas e usu\u00e1rios; e a promo\u00e7\u00e3o de pesquisa cont\u00ednua sobre o tema.<\/p>\n<p style=\"text-align: justify;\">Na avalia\u00e7\u00e3o do conselheiro, a discuss\u00e3o sobre a divulga\u00e7\u00e3o de not\u00edcias falsas deve levar em conta a defini\u00e7\u00e3o clara de fake news; a defini\u00e7\u00e3o de padr\u00f5es de penaliza\u00e7\u00e3o convergente com os atos cometidos e legisla\u00e7\u00f5es similares; a responsabiliza\u00e7\u00e3o do autor; e a ado\u00e7\u00e3o do preceito de que qualquer retirada de conte\u00fado deve ser precedida de ordem judicial.<\/p>\n<p style=\"text-align: justify;\">Ao comentar o relat\u00f3rio, o conselheiro Davi Emerich destacou o trabalho feito pela Justi\u00e7a Eleitoral sobre o tema. A conselheira Maria Jos\u00e9 Braga, por sua vez, disse que o debate conceitual est\u00e1 \u201ccontaminado\u201d e cobrou uma defini\u00e7\u00e3o precisa de fake news. J\u00e1 o presidente do CCS, Murilo de Arag\u00e3o, reconheceu ser preciso combater as not\u00edcias falsas.<\/p>\n<p style=\"text-align: justify;\">O Conselho de Comunica\u00e7\u00e3o Social (CCS) tem como atribui\u00e7\u00e3o a realiza\u00e7\u00e3o de estudos, pareceres, recomenda\u00e7\u00f5es e outras solicita\u00e7\u00f5es que lhe forem encaminhadas pelo Congresso Nacional a respeito do T\u00edtulo VIII, Cap\u00edtulo V, da Constitui\u00e7\u00e3o Federal (artigo 224 da Constitui\u00e7\u00e3o e artigo 2\u00ba da Lei n\u00ba 8.389\/91).<\/p>\n<p style=\"text-align: justify;\">FONTE: Portal Comunique-se.<\/p>\n","protected":false},"excerpt":{"rendered":"<p>A avalia\u00e7\u00e3o foi afeita pelo conselheiro Miguel Matos, integrante do&hellip;<\/p>\n<p> <a class=\"more-link\" href=\"https:\/\/sertsc.org.br\/site\/combate-noticias-falsas-exige-conscientizacao-diz-especialista\/\">Leia mais<\/a><\/p>\n","protected":false},"author":1,"featured_media":7355,"comment_status":"closed","ping_status":"open","sticky":false,"template":"","format":"standard","meta":{"footnotes":""},"categories":[3],"tags":[],"class_list":{"0":"post-7354","1":"post","2":"type-post","3":"status-publish","4":"format-standard","5":"has-post-thumbnail","7":"category-noticias"},"_links":{"self":[{"href":"https:\/\/sertsc.org.br\/site\/wp-json\/wp\/v2\/posts\/7354","targetHints":{"allow":["GET"]}}],"collection":[{"href":"https:\/\/sertsc.org.br\/site\/wp-json\/wp\/v2\/posts"}],"about":[{"href":"https:\/\/sertsc.org.br\/site\/wp-json\/wp\/v2\/types\/post"}],"author":[{"embeddable":true,"href":"https:\/\/sertsc.org.br\/site\/wp-json\/wp\/v2\/users\/1"}],"replies":[{"embeddable":true,"href":"https:\/\/sertsc.org.br\/site\/wp-json\/wp\/v2\/comments?post=7354"}],"version-history":[{"count":0,"href":"https:\/\/sertsc.org.br\/site\/wp-json\/wp\/v2\/posts\/7354\/revisions"}],"wp:featuredmedia":[{"embeddable":true,"href":"https:\/\/sertsc.org.br\/site\/wp-json\/"}],"wp:attachment":[{"href":"https:\/\/sertsc.org.br\/site\/wp-json\/wp\/v2\/media?parent=7354"}],"wp:term":[{"taxonomy":"category","embeddable":true,"href":"https:\/\/sertsc.org.br\/site\/wp-json\/wp\/v2\/categories?post=7354"},{"taxonomy":"post_tag","embeddable":true,"href":"https:\/\/sertsc.org.br\/site\/wp-json\/wp\/v2\/tags?post=7354"}],"curies":[{"name":"wp","href":"https:\/\/api.w.org\/{rel}","templated":true}]}}