{"id":7342,"date":"2018-05-08T09:12:03","date_gmt":"2018-05-08T12:12:03","guid":{"rendered":"http:\/\/www.sertsc.org.br\/site\/?p=7342"},"modified":"2018-05-08T09:12:03","modified_gmt":"2018-05-08T12:12:03","slug":"fenaert-defende-liberdade-de-imprensa-e-de-atuacao-dos-profissionais-do-segmento-no-conselho-de-comunicacao-social-do-congresso-nacional","status":"publish","type":"post","link":"https:\/\/sertsc.org.br\/site\/fenaert-defende-liberdade-de-imprensa-e-de-atuacao-dos-profissionais-do-segmento-no-conselho-de-comunicacao-social-do-congresso-nacional\/","title":{"rendered":"FENAERT defende liberdade de imprensa e de atua\u00e7\u00e3o dos profissionais do segmento no Conselho de Comunica\u00e7\u00e3o Social do Congresso Nacional"},"content":{"rendered":"<p style=\"text-align: justify;\">Em evento sobre o tema, promovido pela CCS no Senado, nesta segunda-feira, o presidente da FENAERT, Guliver Le\u00e3o, destacou casos recentes de viol\u00eancia contra profissionais e emissoras.<\/p>\n<p style=\"text-align: justify;\"><a href=\"http:\/\/www.sertsc.org.br\/site\/fenaert-defende-liberdade-de-imprensa-e-de-atuacao-dos-profissionais-do-segmento-no-conselho-de-comunicacao-social-do-congresso-nacional\/guliver\/\" rel=\"attachment wp-att-7343\"><img fetchpriority=\"high\" decoding=\"async\" class=\"aligncenter size-full wp-image-7343\" src=\"http:\/\/www.sertsc.org.br\/site\/wp-content\/uploads\/2018\/05\/GULIVER.jpg\" alt=\"GULIVER\" width=\"605\" height=\"454\" \/><\/a><\/p>\n<p style=\"text-align: justify;\">&#8220;A imprensa \u00e9 apenas mensageira e presta um servi\u00e7o \u00e0 sociedade ao divulgar os acontecimentos, mas o que vemos atualmente \u00e9 a imprensa sendo colocada como vil\u00e3 e, muitas vezes, responsabilizada pelos fatos que noticia, al\u00e9m de ser alvo de viol\u00eancia&#8221;, afirmou o presidente da Federa\u00e7\u00e3o Nacional das Empresas de Radio e TV (FENAERT), Guliver Le\u00e3o, nesta segunda-feira, 07 de maio, durante semin\u00e1rio sobre viol\u00eancia contra profissionais de comunica\u00e7\u00e3o, promovido pelo Conselho de Comunica\u00e7\u00e3o Social do Congresso Nacional, em encontro no Senado, em Bras\u00edlia.<\/p>\n<p style=\"text-align: justify;\">Na oportunidade Le\u00e3o destacou casos de viol\u00eancia e cerceamento a profissionais do setor ao longo dos \u00faltimos tr\u00eas anos. Ele salientou ainda, epis\u00f3dios de invas\u00f5es e atos de vandalismo contra ve\u00edculos de comunica\u00e7\u00e3o. &#8220;Em boa parte dos casos as agress\u00f5es se d\u00e3o em manifesta\u00e7\u00f5es e coberturas de fatos pol\u00edticos. A incid\u00eancia tem aumentado muito e por isso \u00e9 preciso tra\u00e7ar e colocar em pr\u00e1tica solu\u00e7\u00f5es e novos caminhos para preservar a seguran\u00e7a dos profissionais, consequentemente garantindo a liberdade de imprensa, elemento fundamental para a manuten\u00e7\u00e3o da democracia&#8221;, ressaltou Le\u00e3o em sua fala.<\/p>\n<p style=\"text-align: justify;\"><a href=\"http:\/\/www.sertsc.org.br\/site\/fenaert-defende-liberdade-de-imprensa-e-de-atuacao-dos-profissionais-do-segmento-no-conselho-de-comunicacao-social-do-congresso-nacional\/capturar\/\" rel=\"attachment wp-att-7344\"><img decoding=\"async\" class=\"aligncenter size-full wp-image-7344\" src=\"http:\/\/www.sertsc.org.br\/site\/wp-content\/uploads\/2018\/05\/Capturar.jpg\" alt=\"Capturar\" width=\"596\" height=\"442\" \/><\/a><\/p>\n<p style=\"text-align: justify;\"><strong>Cerceamento gera distanciamento nas coberturas <\/strong><\/p>\n<p style=\"text-align: justify;\">Le\u00e3o pontuou o fato de que as amea\u00e7as e agress\u00f5es aos profissionais de comunica\u00e7\u00e3o, mais intensas nos \u00faltimos tempos, t\u00eam gerado um efeito de distanciamento nas coberturas jornal\u00edsticas. \u201cEm muitos casos os jornalistas s\u00e3o impedidos de atos comuns, como se aproximar do local do fato, se restringindo a reportar a partir de helic\u00f3pteros e terra\u00e7os de edif\u00edcios. Isso dificulta o trabalho e \u00e9 um ataque \u00e0 democracia\u201d, afirmou.<\/p>\n<p style=\"text-align: justify;\">Durante o evento entidades representativas apresentaram levantamentos sobre os tipos de agress\u00f5es sofridas pelos profissionais. Em 2017, foram registrados 82 casos de viol\u00eancia contra comunicadores no Brasil, conforme dados da Associa\u00e7\u00e3o Brasileira das Empresas de R\u00e1dio e TV (Abert). As agress\u00f5es f\u00edsicas representam 42,68% dos casos.<br \/>\nAo final da discuss\u00e3o, o presidente do Conselho, Murillo Arag\u00e3o, ressaltou a necessidade de reflex\u00e3o sobre iniciativas que colaborem para a mudan\u00e7a deste cen\u00e1rio. \u201c\u00c9 preciso trabalhar na educa\u00e7\u00e3o e estimular a mudan\u00e7a de comportamento da sociedade. Passar do campo da an\u00e1lise para a proposi\u00e7\u00e3o, atrav\u00e9s de campanhas de conscientiza\u00e7\u00e3o e outros meios\u201d, finalizou.<\/p>\n<p style=\"text-align: justify;\">Tamb\u00e9m participaram do encontro o presidente da ABERT, Paulo Tonet Camargo, o coordenador de comunica\u00e7\u00e3o da Associa\u00e7\u00e3o Brasileira de R\u00e1dio e Televis\u00e3o (Abratel), Paulo Pimenta, a diretora de reda\u00e7\u00e3o do jornal Correio Braziliense, Ana Debeux, o secret\u00e1rio jur\u00eddico da Federa\u00e7\u00e3o Interestadual dos Trabalhadores em Empresas de R\u00e1dio e Televis\u00e3o (FITERT), Josemar Pinheiro, a presidente da Federa\u00e7\u00e3o Nacional dos Jornalistas (FENAJ), Maria Jos\u00e9, e o coordenador de Comunica\u00e7\u00e3o e Informa\u00e7\u00e3o da Representa\u00e7\u00e3o da UNESCO no Brasil, Adauto Soares.<\/p>\n<p style=\"text-align: justify;\">Fonte: FENAERT<\/p>\n","protected":false},"excerpt":{"rendered":"<p>Em evento sobre o tema, promovido pela CCS no Senado,&hellip;<\/p>\n<p> <a class=\"more-link\" href=\"https:\/\/sertsc.org.br\/site\/fenaert-defende-liberdade-de-imprensa-e-de-atuacao-dos-profissionais-do-segmento-no-conselho-de-comunicacao-social-do-congresso-nacional\/\">Leia mais<\/a><\/p>\n","protected":false},"author":1,"featured_media":7343,"comment_status":"closed","ping_status":"open","sticky":false,"template":"","format":"standard","meta":{"footnotes":""},"categories":[3],"tags":[],"class_list":{"0":"post-7342","1":"post","2":"type-post","3":"status-publish","4":"format-standard","5":"has-post-thumbnail","7":"category-noticias"},"_links":{"self":[{"href":"https:\/\/sertsc.org.br\/site\/wp-json\/wp\/v2\/posts\/7342","targetHints":{"allow":["GET"]}}],"collection":[{"href":"https:\/\/sertsc.org.br\/site\/wp-json\/wp\/v2\/posts"}],"about":[{"href":"https:\/\/sertsc.org.br\/site\/wp-json\/wp\/v2\/types\/post"}],"author":[{"embeddable":true,"href":"https:\/\/sertsc.org.br\/site\/wp-json\/wp\/v2\/users\/1"}],"replies":[{"embeddable":true,"href":"https:\/\/sertsc.org.br\/site\/wp-json\/wp\/v2\/comments?post=7342"}],"version-history":[{"count":0,"href":"https:\/\/sertsc.org.br\/site\/wp-json\/wp\/v2\/posts\/7342\/revisions"}],"wp:featuredmedia":[{"embeddable":true,"href":"https:\/\/sertsc.org.br\/site\/wp-json\/"}],"wp:attachment":[{"href":"https:\/\/sertsc.org.br\/site\/wp-json\/wp\/v2\/media?parent=7342"}],"wp:term":[{"taxonomy":"category","embeddable":true,"href":"https:\/\/sertsc.org.br\/site\/wp-json\/wp\/v2\/categories?post=7342"},{"taxonomy":"post_tag","embeddable":true,"href":"https:\/\/sertsc.org.br\/site\/wp-json\/wp\/v2\/tags?post=7342"}],"curies":[{"name":"wp","href":"https:\/\/api.w.org\/{rel}","templated":true}]}}