{"id":7316,"date":"2018-05-04T16:24:16","date_gmt":"2018-05-04T19:24:16","guid":{"rendered":"http:\/\/www.sertsc.org.br\/site\/?p=7316"},"modified":"2018-05-04T16:24:16","modified_gmt":"2018-05-04T19:24:16","slug":"tome-nota-propaganda-eleitoral-no-radio-comeca-no-dia-31-de-agosto-e-vai-ate-4-de-outubro","status":"publish","type":"post","link":"https:\/\/sertsc.org.br\/site\/tome-nota-propaganda-eleitoral-no-radio-comeca-no-dia-31-de-agosto-e-vai-ate-4-de-outubro\/","title":{"rendered":"Tome nota: Propaganda eleitoral no R\u00e1dio come\u00e7a no dia 31 de agosto e vai at\u00e9 4 de outubro"},"content":{"rendered":"<p style=\"text-align: justify;\">A propaganda eleitoral no R\u00e1dio e na televis\u00e3o ter\u00e1 dura\u00e7\u00e3o de 35 dias, iniciando-se no dia 31 de agosto e encerrando-se no dia 4 de outubro (antev\u00e9spera das elei\u00e7\u00f5es). O pleito ser\u00e1 realizado no dia 7 de outubro. As emissoras reservar\u00e3o apenas 25 minutos, em dois hor\u00e1rios, para a propaganda em bloco dos candidatos, tendo in\u00edcio \u00e0s 7h e \u00e0s 12h, de segunda a s\u00e1bado. Por\u00e9m os breaks das emissoras ainda ter\u00e3o as inser\u00e7\u00f5es da propaganda pol\u00edtica, que totalizam 70 minutos di\u00e1rios nesse formato.<\/p>\n<p style=\"text-align: justify;\">Os candidatos a governador (9 minutos), deputados estaduais (9 minutos) e senadores (7 minutos) veicular\u00e3o propaganda \u00e0s segundas, quartas e sextas-feiras. J\u00e1 aqueles que concorrer\u00e3o ao cargo de presidente da Rep\u00fablica e deputados federais, \u00e0s ter\u00e7as, quintas e s\u00e1bados (ambos pelo per\u00edodo de 12 minutos e 30 segundos).<\/p>\n<p style=\"text-align: justify;\">Os hor\u00e1rios reservados \u00e0 propaganda em bloco de cada elei\u00e7\u00e3o ser\u00e3o distribu\u00eddos entre todos os partidos e coliga\u00e7\u00f5es que tenham candidato, observados os seguintes crit\u00e9rios: 90% distribu\u00eddos proporcionalmente ao n\u00famero de representantes na C\u00e2mara dos Deputados e 10% distribu\u00eddos igualitariamente. Em 2018 a propaganda eleitoral s\u00f3 \u00e9 permitida do dia 16 de agosto at\u00e9 \u00e0s 22 horas do dia 6 de outubro (v\u00e9spera das elei\u00e7\u00f5es). Isso vale tamb\u00e9m para o uso de auto-falantes, carros de som, com\u00edcios, passeatas e carreatas.<\/p>\n<p style=\"text-align: justify;\">As inser\u00e7\u00f5es de 30 e 60 segundos, a crit\u00e9rio do respectivo partido pol\u00edtico, a serem veiculadas das 5h \u00e0 0h. O tempo ser\u00e1 dividido em partes iguais, para a utiliza\u00e7\u00e3o nas campanhas dos candidatos \u00e0s elei\u00e7\u00f5es majorit\u00e1rias e proporcionais. A distribui\u00e7\u00e3o levar\u00e1 em conta os blocos de audi\u00eancia entre \u00e0s 5h e 11h, 11h e 18h, e 18h e 0h, totalizando 70 minutos di\u00e1rios.<\/p>\n<p style=\"text-align: justify;\">Ressarcimento<\/p>\n<p style=\"text-align: justify;\">J\u00e1 que os partidos pol\u00edticos n\u00e3o pagam pelo tempo usado na televis\u00e3o e no r\u00e1dio, as emissoras deixam de pagar aproximadamente 80% do valor que poderiam receber, caso tivessem anunciantes nesse per\u00edodo. Esta quantia \u00e9 deduzida nos impostos que deveriam ser pagos \u00e0 Receita Federal. Os 20% restantes do valor s\u00e3o pagos pelas emissoras como uma forma de contribuir para a democracia do pa\u00eds.<\/p>\n<p style=\"text-align: justify;\">Este desconto no imposto \u00e9 justificado pelo fato da emissora ceder este tempo da sua programa\u00e7\u00e3o e, ainda assim, ter os mesmos gastos para fazer uma transmiss\u00e3o.<\/p>\n<p style=\"text-align: justify;\">Fonte: Tudo R\u00e1dio.<\/p>\n","protected":false},"excerpt":{"rendered":"<p>A propaganda eleitoral no R\u00e1dio e na televis\u00e3o ter\u00e1 dura\u00e7\u00e3o&hellip;<\/p>\n<p> <a class=\"more-link\" href=\"https:\/\/sertsc.org.br\/site\/tome-nota-propaganda-eleitoral-no-radio-comeca-no-dia-31-de-agosto-e-vai-ate-4-de-outubro\/\">Leia mais<\/a><\/p>\n","protected":false},"author":1,"featured_media":7318,"comment_status":"closed","ping_status":"open","sticky":false,"template":"","format":"standard","meta":{"footnotes":""},"categories":[33],"tags":[],"class_list":{"0":"post-7316","1":"post","2":"type-post","3":"status-publish","4":"format-standard","5":"has-post-thumbnail","7":"category-destaques"},"_links":{"self":[{"href":"https:\/\/sertsc.org.br\/site\/wp-json\/wp\/v2\/posts\/7316","targetHints":{"allow":["GET"]}}],"collection":[{"href":"https:\/\/sertsc.org.br\/site\/wp-json\/wp\/v2\/posts"}],"about":[{"href":"https:\/\/sertsc.org.br\/site\/wp-json\/wp\/v2\/types\/post"}],"author":[{"embeddable":true,"href":"https:\/\/sertsc.org.br\/site\/wp-json\/wp\/v2\/users\/1"}],"replies":[{"embeddable":true,"href":"https:\/\/sertsc.org.br\/site\/wp-json\/wp\/v2\/comments?post=7316"}],"version-history":[{"count":0,"href":"https:\/\/sertsc.org.br\/site\/wp-json\/wp\/v2\/posts\/7316\/revisions"}],"wp:featuredmedia":[{"embeddable":true,"href":"https:\/\/sertsc.org.br\/site\/wp-json\/"}],"wp:attachment":[{"href":"https:\/\/sertsc.org.br\/site\/wp-json\/wp\/v2\/media?parent=7316"}],"wp:term":[{"taxonomy":"category","embeddable":true,"href":"https:\/\/sertsc.org.br\/site\/wp-json\/wp\/v2\/categories?post=7316"},{"taxonomy":"post_tag","embeddable":true,"href":"https:\/\/sertsc.org.br\/site\/wp-json\/wp\/v2\/tags?post=7316"}],"curies":[{"name":"wp","href":"https:\/\/api.w.org\/{rel}","templated":true}]}}