{"id":7310,"date":"2018-05-04T11:54:23","date_gmt":"2018-05-04T14:54:23","guid":{"rendered":"http:\/\/www.sertsc.org.br\/site\/?p=7310"},"modified":"2018-05-04T11:54:23","modified_gmt":"2018-05-04T14:54:23","slug":"liberdade-de-imprensa-e-alicerce-de-um-pais-democratico-afirma-presidente-da-abert","status":"publish","type":"post","link":"https:\/\/sertsc.org.br\/site\/liberdade-de-imprensa-e-alicerce-de-um-pais-democratico-afirma-presidente-da-abert\/","title":{"rendered":"\u201cLiberdade de imprensa \u00e9 alicerce de um pa\u00eds democr\u00e1tico\u201d afirma presidente da ABERT"},"content":{"rendered":"<p style=\"text-align: justify;\">O presidente da ABERT Paulo Tonet Camargo participou, na quinta feira (3), da 10\u00aa edi\u00e7\u00e3o do F\u00f3rum Liberdade de Imprensa e Democracia, na sede da OAB-DF, em Bras\u00edlia.<\/p>\n<p style=\"text-align: justify;\">Na data em que se comemora o Dia Mundial da Liberdade de Imprensa, jornalistas e advogados debateram a viol\u00eancia contra profissionais da comunica\u00e7\u00e3o e o combate \u00e0s not\u00edcias falsas.<\/p>\n<p style=\"text-align: justify;\">Tonet ressaltou mais uma vez a import\u00e2ncia do jornalismo livre como alicerce de um pa\u00eds democr\u00e1tico. \u201cA liberdade de imprensa \u00e9 uma conquista da sociedade para a pr\u00f3pria sociedade. Nunca o jornalismo livre e profissional foi t\u00e3o importante como elemento certificador da verdade e da responsabilidade&#8221;, disse o presidente da ABERT.<\/p>\n<p style=\"text-align: justify;\">A presidente do Instituto Palavra Aberta, Patr\u00edcia Blanco, afirmou que \u00e9 preciso lutar diariamente para a preserva\u00e7\u00e3o da liberdade de imprensa. \u201c Estamos em um pa\u00eds livre, mas temos que lembrar que ainda necessitamos avan\u00e7ar para que a liberdade permane\u00e7a na nossa sociedade\u201d, disse.<\/p>\n<p style=\"text-align: justify;\">Tamb\u00e9m presente na abertura do F\u00f3rum, o diretor executivo da Associa\u00e7\u00e3o Nacional de Jornais (ANJ), Ricardo Pedreira, lembrou que toda vez que um jornalista \u00e9 agredido, a sociedade est\u00e1 sendo atacada. \u201c Estamos vendo uma intoler\u00e2ncia muito grande com o exerc\u00edcio do jornalismo. A viol\u00eancia contra o jornalista \u00e9 um ataque \u00e0 democracia e \u00e0 sociedade\u201d, disse.<\/p>\n<p style=\"text-align: justify;\">Durante o evento, dois casos emblem\u00e1ticos e recentes de viola\u00e7\u00e3o \u00e0 liberdade de imprensa foram destacados. O diretor de reda\u00e7\u00e3o da Gazeta do Povo, do Paran\u00e1, Leonardo Mendes, falou sobre a enxurrada de a\u00e7\u00f5es judiciais contra o jornal e seus profissionais, ap\u00f3s a publica\u00e7\u00e3o de reportagens sobre os sal\u00e1rios dos magistrados do Paran\u00e1, que ultrapassavam o teto definido em lei. O jornal e os cinco jornalistas sofreram 48 a\u00e7\u00f5es.<\/p>\n<p style=\"text-align: justify;\">O outro caso, foi apresentado pelo advogado da Rede Pampa, de Porto Alegre (RS), Leopoldo Lara. Ap\u00f3s um entrevistado de um dos programas da emissora criticar, ao vivo, uma universidade do interior do Rio Grande do Sul, a Rede Pampa e o entrevistado foram processados por mais de 40 professores da institui\u00e7\u00e3o de ensino. Em primeira inst\u00e2ncia, a emissora foi condenada a pagar R$ 12 mil a cada um dos professores.<\/p>\n<p style=\"text-align: justify;\">O F\u00f3rum Liberdade de Imprensa e Democracia tamb\u00e9m debateu ordens judiciais de censura e remo\u00e7\u00e3o de conte\u00fado.<\/p>\n<p style=\"text-align: justify;\">Fonte: ABERT.<\/p>\n","protected":false},"excerpt":{"rendered":"<p>O presidente da ABERT Paulo Tonet Camargo participou, na quinta&hellip;<\/p>\n<p> <a class=\"more-link\" href=\"https:\/\/sertsc.org.br\/site\/liberdade-de-imprensa-e-alicerce-de-um-pais-democratico-afirma-presidente-da-abert\/\">Leia mais<\/a><\/p>\n","protected":false},"author":1,"featured_media":7311,"comment_status":"closed","ping_status":"open","sticky":false,"template":"","format":"standard","meta":{"footnotes":""},"categories":[3],"tags":[],"class_list":{"0":"post-7310","1":"post","2":"type-post","3":"status-publish","4":"format-standard","5":"has-post-thumbnail","7":"category-noticias"},"_links":{"self":[{"href":"https:\/\/sertsc.org.br\/site\/wp-json\/wp\/v2\/posts\/7310","targetHints":{"allow":["GET"]}}],"collection":[{"href":"https:\/\/sertsc.org.br\/site\/wp-json\/wp\/v2\/posts"}],"about":[{"href":"https:\/\/sertsc.org.br\/site\/wp-json\/wp\/v2\/types\/post"}],"author":[{"embeddable":true,"href":"https:\/\/sertsc.org.br\/site\/wp-json\/wp\/v2\/users\/1"}],"replies":[{"embeddable":true,"href":"https:\/\/sertsc.org.br\/site\/wp-json\/wp\/v2\/comments?post=7310"}],"version-history":[{"count":0,"href":"https:\/\/sertsc.org.br\/site\/wp-json\/wp\/v2\/posts\/7310\/revisions"}],"wp:featuredmedia":[{"embeddable":true,"href":"https:\/\/sertsc.org.br\/site\/wp-json\/"}],"wp:attachment":[{"href":"https:\/\/sertsc.org.br\/site\/wp-json\/wp\/v2\/media?parent=7310"}],"wp:term":[{"taxonomy":"category","embeddable":true,"href":"https:\/\/sertsc.org.br\/site\/wp-json\/wp\/v2\/categories?post=7310"},{"taxonomy":"post_tag","embeddable":true,"href":"https:\/\/sertsc.org.br\/site\/wp-json\/wp\/v2\/tags?post=7310"}],"curies":[{"name":"wp","href":"https:\/\/api.w.org\/{rel}","templated":true}]}}