{"id":7302,"date":"2018-05-03T16:36:31","date_gmt":"2018-05-03T19:36:31","guid":{"rendered":"http:\/\/www.sertsc.org.br\/site\/?p=7302"},"modified":"2018-05-03T16:36:31","modified_gmt":"2018-05-03T19:36:31","slug":"sinal-digital-devera-chegar-mais-12-milhoes-de-brasileiros-em-maio","status":"publish","type":"post","link":"https:\/\/sertsc.org.br\/site\/sinal-digital-devera-chegar-mais-12-milhoes-de-brasileiros-em-maio\/","title":{"rendered":"Sinal digital dever\u00e1 chegar a mais 12 milh\u00f5es de brasileiros em maio"},"content":{"rendered":"<p style=\"text-align: justify;\">Noventa e uma cidades das regi\u00f5es Norte e Nordeste dever\u00e3o ter o sinal anal\u00f3gico de TV desligado no dia 30 maio. Uma pesquisa a ser divulgada nos pr\u00f3ximos dias confirmar\u00e1 se pelo menos 90% dos domic\u00edlios est\u00e3o preparados para receber o novo sinal. O \u00edndice est\u00e1 determinado na portaria do Minist\u00e9rio da Ci\u00eancia, Tecnologia, Inova\u00e7\u00f5es e Comunica\u00e7\u00f5es (MCTIC).<\/p>\n<p style=\"text-align: justify;\">Se o n\u00famero for confirmado, cerca de 12 milh\u00f5es de moradores de Macei\u00f3 (AL), Aracaju (SE), Jo\u00e3o Pessoa (PB), Natal (RN), Teresina (PI), Manaus (AM), Bel\u00e9m (PA) e munic\u00edpios vizinhos a estas capitais passar\u00e3o a receber, exclusivamente, o sinal digital de TV, com imagem e \u00e1udio de melhor qualidade.<\/p>\n<p style=\"text-align: justify;\">Com a chegada do novo sinal nessas localidades, mais de 90 milh\u00f5es de pessoas em todo o Brasil ter\u00e3o em seus lares apenas a TV digital. O processo de desligamento do sinal anal\u00f3gico teve in\u00edcio em mar\u00e7o de 2016.<\/p>\n<p style=\"text-align: justify;\">Pelo cronograma do MCTIC, at\u00e9 o final de 2018, mais de 125 milh\u00f5es de brasileiros ser\u00e3o beneficiados com o sinal digital de TV.<\/p>\n<p style=\"text-align: justify;\">A popula\u00e7\u00e3o cadastrada em programas sociais do governo federal, como por exemplo o Minha Casa Minha Vida, Luz para Todos e Bolsa Fam\u00edlia, tem direito a receber gratuitamente o kit digital, composto por cabos, antenas e conversor. Para agendar a retirada do equipamento basta ligar para o n\u00famero 147.<\/p>\n<p style=\"text-align: justify;\">As pessoas que querem comprar, com pre\u00e7os promocionais, o kit digital, podem participar dos feir\u00f5es digitais, que acontecem nas cidades que j\u00e1 receberam ou est\u00e3o prestes a receber o novo sinal. No site <a href=\"http:\/\/www.sejadigital.com.br\">http:\/\/www.sejadigital.com.br<\/a> \u00e9 poss\u00edvel saber o local e data dos feir\u00f5es.<\/p>\n<p style=\"text-align: justify;\">\n<p style=\"text-align: justify;\">Patrulha Digital<br \/>\nAlunos volunt\u00e1rios do SENAI, que foram treinados para auxiliar na instala\u00e7\u00e3o do conversor e sintoniza\u00e7\u00e3o do sinal digital, est\u00e3o percorrendo todos os munic\u00edpios das regi\u00f5es Norte e Nordeste.<\/p>\n<p style=\"text-align: justify;\">Por meio de parceria entre a ABERT, Seja Digital e SENAI, cerca de 200 mil alunos j\u00e1 receberam treinamento e est\u00e3o ajudando as fam\u00edlias, com visitas de casa em casa.<\/p>\n<p style=\"text-align: justify;\">Para o diretor de Projetos Especiais da TV Globo, Andr\u00e9 Dias, que acompanha os trabalhos da Patrulha Digital, este \u00e9 um momento gratificante. &#8220;\u00c9 uma honra ter uma equipe comprometida e multiplicadora que, com muito afinco, orienta a popula\u00e7\u00e3o nas comunidades para ativar o equipamento digital e assim ter um sinal de TV mais n\u00edtido\u201d, afirma Dias.<\/p>\n<p style=\"text-align: justify;\">\n<p style=\"text-align: justify;\">V\u00eddeos sobre desligamento<br \/>\nA ABERT preparou uma s\u00e9rie de v\u00eddeos sobre o desligamento da TV anal\u00f3gica. As TVs interessadas podem veicular em sua programa\u00e7\u00e3o cinco v\u00eddeos com download gratuito que explicam o que deve ser feito para que a TV aberta, \u00fanica a oferecer ao telespectador not\u00edcias, servi\u00e7os e entretenimentos gratuitos, tenha o sinal digital.<\/p>\n<p>&nbsp;<\/p>\n<p>Fonte: ABERT.<\/p>\n","protected":false},"excerpt":{"rendered":"<p>Noventa e uma cidades das regi\u00f5es Norte e Nordeste dever\u00e3o&hellip;<\/p>\n<p> <a class=\"more-link\" href=\"https:\/\/sertsc.org.br\/site\/sinal-digital-devera-chegar-mais-12-milhoes-de-brasileiros-em-maio\/\">Leia mais<\/a><\/p>\n","protected":false},"author":1,"featured_media":7303,"comment_status":"closed","ping_status":"open","sticky":false,"template":"","format":"standard","meta":{"footnotes":""},"categories":[3],"tags":[],"class_list":{"0":"post-7302","1":"post","2":"type-post","3":"status-publish","4":"format-standard","5":"has-post-thumbnail","7":"category-noticias"},"_links":{"self":[{"href":"https:\/\/sertsc.org.br\/site\/wp-json\/wp\/v2\/posts\/7302","targetHints":{"allow":["GET"]}}],"collection":[{"href":"https:\/\/sertsc.org.br\/site\/wp-json\/wp\/v2\/posts"}],"about":[{"href":"https:\/\/sertsc.org.br\/site\/wp-json\/wp\/v2\/types\/post"}],"author":[{"embeddable":true,"href":"https:\/\/sertsc.org.br\/site\/wp-json\/wp\/v2\/users\/1"}],"replies":[{"embeddable":true,"href":"https:\/\/sertsc.org.br\/site\/wp-json\/wp\/v2\/comments?post=7302"}],"version-history":[{"count":0,"href":"https:\/\/sertsc.org.br\/site\/wp-json\/wp\/v2\/posts\/7302\/revisions"}],"wp:featuredmedia":[{"embeddable":true,"href":"https:\/\/sertsc.org.br\/site\/wp-json\/"}],"wp:attachment":[{"href":"https:\/\/sertsc.org.br\/site\/wp-json\/wp\/v2\/media?parent=7302"}],"wp:term":[{"taxonomy":"category","embeddable":true,"href":"https:\/\/sertsc.org.br\/site\/wp-json\/wp\/v2\/categories?post=7302"},{"taxonomy":"post_tag","embeddable":true,"href":"https:\/\/sertsc.org.br\/site\/wp-json\/wp\/v2\/tags?post=7302"}],"curies":[{"name":"wp","href":"https:\/\/api.w.org\/{rel}","templated":true}]}}