{"id":7291,"date":"2018-05-03T08:58:35","date_gmt":"2018-05-03T11:58:35","guid":{"rendered":"http:\/\/www.sertsc.org.br\/site\/?p=7291"},"modified":"2018-05-03T08:58:35","modified_gmt":"2018-05-03T11:58:35","slug":"alexandre-parola-assume-presidencia-da-ebc-no-lugar-de-laerte-rimoli","status":"publish","type":"post","link":"https:\/\/sertsc.org.br\/site\/alexandre-parola-assume-presidencia-da-ebc-no-lugar-de-laerte-rimoli\/","title":{"rendered":"Alexandre Parola assume presid\u00eancia da EBC no lugar de Laerte Rimoli"},"content":{"rendered":"<p style=\"text-align: justify;\">Diplomata indicado pelo presidente Temer n\u00e3o tem experi\u00eancia na \u00e1rea e fica no cargo at\u00e9 dezembro<\/p>\n<p style=\"text-align: justify;\">O embaixador Alexandre Parola, 52 anos, assumiu nesta quarta-feira, 2, a presid\u00eancia da EBC (Empresa Brasil de Comunica\u00e7\u00e3o). Foi nomeado pelo presidente Michel Temer para o lugar do jornalista Laerte de Lima Rimoli, exonerado hoje.<\/p>\n<p style=\"text-align: justify;\">A mudan\u00e7a foi motivada por um pedido de Rimoli para sair do cargo. O jornalista est\u00e1 de mudan\u00e7a para os Estados Unidos, onde sua mulher mora desde agosto de 2017. Temer optou por dar a vaga a seu porta-voz. Parola \u00e9 diplomata e n\u00e3o tem experi\u00eancia em ve\u00edculos de comunica\u00e7\u00e3o.<\/p>\n<p style=\"text-align: justify;\">O novo presidente da EBC dever\u00e1 ficar no cargo at\u00e9 dezembro. Foi indicado pelo presidente da Rep\u00fablica para exercer o cargo de delegado permanente do Brasil junto \u00e0 OMC (Organiza\u00e7\u00e3o Mundial do Com\u00e9rcio) em Genebra (Su\u00ed\u00e7a). Caso o Senado confirme sua indica\u00e7\u00e3o, Parola deve seguir para a Europa no in\u00edcio de 2019.<\/p>\n<p style=\"text-align: justify;\">Alexandre Parola \u00e9 diplomata de carreira h\u00e1 31 anos, p\u00f3s-doutor em Rela\u00e7\u00f5es Internacionais pela Universidade de Oxford (Inglaterra) e professor do Instituto Rio Branco, respons\u00e1vel pela forma\u00e7\u00e3o de diplomatas. Em miss\u00f5es diplom\u00e1ticas, ele serviu em Washington, Londres, Genebra e Santiago. \u00c9 especialista em negocia\u00e7\u00f5es comerciais e multilaterais, al\u00e9m de temas relacionados a direitos humanos.<\/p>\n<p style=\"text-align: justify;\">Em 2002, o embaixador foi porta-voz da Presid\u00eancia no governo Fernando Henrique Cardoso. Em outubro de 2016, foi nomeado porta-voz do presidente Michel Temer.<\/p>\n<p style=\"text-align: justify;\">Com informa\u00e7\u00f5es da EBC<\/p>\n","protected":false},"excerpt":{"rendered":"<p>Diplomata indicado pelo presidente Temer n\u00e3o tem experi\u00eancia na \u00e1rea&hellip;<\/p>\n<p> <a class=\"more-link\" href=\"https:\/\/sertsc.org.br\/site\/alexandre-parola-assume-presidencia-da-ebc-no-lugar-de-laerte-rimoli\/\">Leia mais<\/a><\/p>\n","protected":false},"author":1,"featured_media":7292,"comment_status":"closed","ping_status":"open","sticky":false,"template":"","format":"standard","meta":{"footnotes":""},"categories":[3],"tags":[],"class_list":{"0":"post-7291","1":"post","2":"type-post","3":"status-publish","4":"format-standard","5":"has-post-thumbnail","7":"category-noticias"},"_links":{"self":[{"href":"https:\/\/sertsc.org.br\/site\/wp-json\/wp\/v2\/posts\/7291","targetHints":{"allow":["GET"]}}],"collection":[{"href":"https:\/\/sertsc.org.br\/site\/wp-json\/wp\/v2\/posts"}],"about":[{"href":"https:\/\/sertsc.org.br\/site\/wp-json\/wp\/v2\/types\/post"}],"author":[{"embeddable":true,"href":"https:\/\/sertsc.org.br\/site\/wp-json\/wp\/v2\/users\/1"}],"replies":[{"embeddable":true,"href":"https:\/\/sertsc.org.br\/site\/wp-json\/wp\/v2\/comments?post=7291"}],"version-history":[{"count":0,"href":"https:\/\/sertsc.org.br\/site\/wp-json\/wp\/v2\/posts\/7291\/revisions"}],"wp:featuredmedia":[{"embeddable":true,"href":"https:\/\/sertsc.org.br\/site\/wp-json\/"}],"wp:attachment":[{"href":"https:\/\/sertsc.org.br\/site\/wp-json\/wp\/v2\/media?parent=7291"}],"wp:term":[{"taxonomy":"category","embeddable":true,"href":"https:\/\/sertsc.org.br\/site\/wp-json\/wp\/v2\/categories?post=7291"},{"taxonomy":"post_tag","embeddable":true,"href":"https:\/\/sertsc.org.br\/site\/wp-json\/wp\/v2\/tags?post=7291"}],"curies":[{"name":"wp","href":"https:\/\/api.w.org\/{rel}","templated":true}]}}