{"id":7288,"date":"2018-05-03T08:17:04","date_gmt":"2018-05-03T11:17:04","guid":{"rendered":"http:\/\/www.sertsc.org.br\/site\/?p=7288"},"modified":"2018-05-03T08:17:04","modified_gmt":"2018-05-03T11:17:04","slug":"premio-acaert-finalistas-devem-ser-conhecidos-no-dia-07-de-maio","status":"publish","type":"post","link":"https:\/\/sertsc.org.br\/site\/premio-acaert-finalistas-devem-ser-conhecidos-no-dia-07-de-maio\/","title":{"rendered":"Pr\u00eamio ACAERT: Finalistas devem ser conhecidos no dia 07 de maio"},"content":{"rendered":"<p style=\"text-align: justify;\">Est\u00e3o encerradas as inscri\u00e7\u00f5es para a <strong>10\u00aa edi\u00e7\u00e3o do Pr\u00eamio ACAERT de R\u00e1dio e Televis\u00e3o<\/strong>, considerado um dos mais importantes do mercado de comunica\u00e7\u00e3o da Regi\u00e3o Sul do pa\u00eds. O prazo foi at\u00e9 o dia 20 de abril. S\u00e3o quatro categorias: Profissionais de R\u00e1dio, Profissionais de Televis\u00e3o, Ag\u00eancias de Publicidade e Acad\u00eamicos em Comunica\u00e7\u00e3o. As inscri\u00e7\u00f5es s\u00e3o gratuitas e podem ser feitas no site: <a href=\"http:\/\/www.premioacaert.com.br\" target=\"_blank\" rel=\"noopener noreferrer\">www.premioacaert.com.br<\/a><\/p>\n<p style=\"text-align: justify;\">Nesta edi\u00e7\u00e3o, os trabalhos ser\u00e3o julgados por dois juris qualificados. O primeiro, formado por profissionais que atuam em Santa Catarina, far\u00e1 a qualifica\u00e7\u00e3o das inscri\u00e7\u00f5es, selecionando os cinco finalistas de cada modalidade. O segundo j\u00fari, composto por convidados de profissionais e docentes de institui\u00e7\u00f5es de ensino de outros estados, escolher\u00e1 o vencedor entre os cinco finalistas escolhidos pelo j\u00fari de qualifica\u00e7\u00e3o.<\/p>\n<p style=\"text-align: justify;\">Os cinco finalistas de cada categoria ser\u00e3o conhecidos no dia 07 de maio de 2018. A cerim\u00f4nia de premia\u00e7\u00e3o ser\u00e1 realizada no dia 05 de junho, em Balne\u00e1rio Cambori\u00fa, durante a programa\u00e7\u00e3o do 17\u00ba Congresso Catarinense de R\u00e1dio e Televis\u00e3o.<\/p>\n<p style=\"text-align: justify;\">Confira as modalidades:<\/p>\n<p style=\"text-align: justify;\">1 \u2013 Categoria\/ Profissionais de R\u00e1dio<\/p>\n<p style=\"text-align: justify;\">&#8211; Melhor locutor apresentador<br \/>\n&#8211; Melhor locutor noticiarista<br \/>\n&#8211; Melhor Narrador Esportivo<br \/>\n&#8211; Melhor Rep\u00f3rter Esportivo<br \/>\n&#8211; Melhor Rep\u00f3rter<\/p>\n<p style=\"text-align: justify;\">2 \u2013 Categoria\/ Profissionais de Televis\u00e3o<\/p>\n<p style=\"text-align: justify;\">&#8211; Melhor apresentador de telejornalismo<br \/>\n&#8211; Melhor apresentador de programa<br \/>\n&#8211; Melhor Rep\u00f3rter<br \/>\n&#8211; Melhor cinegrafista<br \/>\n&#8211; Melhor S\u00e9rie<\/p>\n<p style=\"text-align: justify;\">3 \u2013 Categoria\/ Ag\u00eancias de Publicidade<\/p>\n<p style=\"text-align: justify;\">Modalidade \u2013 R\u00c1DIO<\/p>\n<p style=\"text-align: justify;\">&#8211; Melhor Jingle<br \/>\n&#8211; Melhor Spot<br \/>\n&#8211; Melhor Campanha<\/p>\n<p style=\"text-align: justify;\">Modalidade \u2013 TELEVIS\u00c3O<\/p>\n<p style=\"text-align: justify;\">&#8211; Melhor Comercial institucional<br \/>\n&#8211; Melhor Comercial promocional\/varejo<br \/>\n&#8211; Melhor Campanha<\/p>\n<p style=\"text-align: justify;\">A Ag\u00eancia de Publicidade com maior n\u00famero de pr\u00eamios nas modalidades R\u00e1dio e Televis\u00e3o receber\u00e1 o Trof\u00e9u Microfone de Ouro.<\/p>\n<p style=\"text-align: justify;\">4 \u2013 Categoria\/ Acad\u00eamicos em comunica\u00e7\u00e3o<\/p>\n<p style=\"text-align: justify;\">&#8211; Melhor comercial<br \/>\n&#8211; Melhor spot\/jingle<\/p>\n<p style=\"text-align: justify;\">Destaque Especial \u2013 Escola\/Faculdade\/Universidade \u2013 Pr\u00eamio Trof\u00e9u ACAERT de M\u00e9rito Acad\u00eamico da Radiodifus\u00e3o Catarinense, para a institui\u00e7\u00e3o catarinense com o maior n\u00famero de trabalhos inscritos (maior produ\u00e7\u00e3o acad\u00eamica)<\/p>\n<p style=\"text-align: justify;\">Fonte: Assessoria de Imprensa ACAERT<\/p>\n","protected":false},"excerpt":{"rendered":"<p>Est\u00e3o encerradas as inscri\u00e7\u00f5es para a 10\u00aa edi\u00e7\u00e3o do Pr\u00eamio&hellip;<\/p>\n<p> <a class=\"more-link\" href=\"https:\/\/sertsc.org.br\/site\/premio-acaert-finalistas-devem-ser-conhecidos-no-dia-07-de-maio\/\">Leia mais<\/a><\/p>\n","protected":false},"author":1,"featured_media":6872,"comment_status":"closed","ping_status":"open","sticky":false,"template":"","format":"standard","meta":{"footnotes":""},"categories":[3],"tags":[],"class_list":{"0":"post-7288","1":"post","2":"type-post","3":"status-publish","4":"format-standard","5":"has-post-thumbnail","7":"category-noticias"},"_links":{"self":[{"href":"https:\/\/sertsc.org.br\/site\/wp-json\/wp\/v2\/posts\/7288","targetHints":{"allow":["GET"]}}],"collection":[{"href":"https:\/\/sertsc.org.br\/site\/wp-json\/wp\/v2\/posts"}],"about":[{"href":"https:\/\/sertsc.org.br\/site\/wp-json\/wp\/v2\/types\/post"}],"author":[{"embeddable":true,"href":"https:\/\/sertsc.org.br\/site\/wp-json\/wp\/v2\/users\/1"}],"replies":[{"embeddable":true,"href":"https:\/\/sertsc.org.br\/site\/wp-json\/wp\/v2\/comments?post=7288"}],"version-history":[{"count":0,"href":"https:\/\/sertsc.org.br\/site\/wp-json\/wp\/v2\/posts\/7288\/revisions"}],"wp:featuredmedia":[{"embeddable":true,"href":"https:\/\/sertsc.org.br\/site\/wp-json\/"}],"wp:attachment":[{"href":"https:\/\/sertsc.org.br\/site\/wp-json\/wp\/v2\/media?parent=7288"}],"wp:term":[{"taxonomy":"category","embeddable":true,"href":"https:\/\/sertsc.org.br\/site\/wp-json\/wp\/v2\/categories?post=7288"},{"taxonomy":"post_tag","embeddable":true,"href":"https:\/\/sertsc.org.br\/site\/wp-json\/wp\/v2\/tags?post=7288"}],"curies":[{"name":"wp","href":"https:\/\/api.w.org\/{rel}","templated":true}]}}