{"id":7281,"date":"2018-04-30T16:10:17","date_gmt":"2018-04-30T19:10:17","guid":{"rendered":"http:\/\/www.sertsc.org.br\/site\/?p=7281"},"modified":"2018-04-30T16:10:17","modified_gmt":"2018-04-30T19:10:17","slug":"congresso-da-abert-inscricoes-com-desconto-vao-ate-30-de-abril","status":"publish","type":"post","link":"https:\/\/sertsc.org.br\/site\/congresso-da-abert-inscricoes-com-desconto-vao-ate-30-de-abril\/","title":{"rendered":"Congresso da ABERT: inscri\u00e7\u00f5es com desconto v\u00e3o at\u00e9 30 de abril"},"content":{"rendered":"<p style=\"text-align: justify;\">\u201cSomos r\u00e1dio e televis\u00e3o: informa\u00e7\u00e3o e entretenimento gratuitos com credibilidade. Somos Brasil!\u201d Esse \u00e9 o tema do 28\u00ba Congresso Brasileiro de Radiodifus\u00e3o que acontece nos dias 21 e 22 de agosto no Centro de Conven\u00e7\u00f5es Brasil 21, em Bras\u00edlia (DF). As inscri\u00e7\u00f5es com desconto para o maior encontro do setor de r\u00e1dio e TV podem ser feitas at\u00e9 a pr\u00f3xima segunda-feira, dia 30 de abril. Para conhecer as condi\u00e7\u00f5es, basta acessar o site <a href=\"http:\/\/www.28congressoabert.com.br\" target=\"_blank\" rel=\"noopener noreferrer\">www.28congressoabert.com.br.<\/a><\/p>\n<p style=\"text-align: justify;\">Organizado pela ABERT, a expectativa \u00e9 de mais de 1,1 mil participantes entre radiodifusores, jornalistas, estudantes e empres\u00e1rios do ramo. Pain\u00e9is e debates com renomados especialistas em radiodifus\u00e3o nacionais e internacionais prometem movimentar o encontro.<\/p>\n<p style=\"text-align: justify;\">A programa\u00e7\u00e3o come\u00e7a no dia 21, com uma palestra magna e a homenagem a importantes personalidades do r\u00e1dio e da TV. O presidente Michel Temer, ministros de Estado, dos tribunais superiores e parlamentares dever\u00e3o estar presentes \u00e0 cerim\u00f4nia de abertura. No dia 22, as atividades come\u00e7am \u00e0s 9h30, com a palestra \u201cOs desafios da regula\u00e7\u00e3o impostos pela tecnologia\u201d. \u00c0s 11h o painel \u201cTV aberta digital e o mundo conectado: converg\u00eancia?\u201d ter\u00e1 a participa\u00e7\u00e3o do americano Jerald Fritz, vice-presidente executivo de Assuntos Legais e Estrat\u00e9gicos da ONE Media 3.0, contando suas experi\u00eancias com o setor nos Estados Unidos.<\/p>\n<p style=\"text-align: justify;\">Na parte da tarde, dois pain\u00e9is acontecer\u00e3o paralelamente: \u201cAumentando receitas das pequenas emissoras\u201d e \u201cNovas plataformas de m\u00eddia e inconsist\u00eancias regulat\u00f3rias\u201d. Um dos palestrantes confirmados \u00e9 o franc\u00eas Dominique Wolton, especialista em Ci\u00eancias da Comunica\u00e7\u00e3o. Al\u00e9m de participar dos debates, Wolton lan\u00e7ar\u00e1 o livro \u201cPol\u00edtica e Sociedade: Papa Francisco, encontros com Dominique Wolton\u201d que re\u00fane relatos do pont\u00edfice ap\u00f3s uma s\u00e9rie de entrevistas concedidas ao escritor.<\/p>\n<p style=\"text-align: justify;\">Ap\u00f3s os dois pain\u00e9is, ser\u00e1 a vez de debater as perspectivas do r\u00e1dio no painel \u201cR\u00e1dio, uma m\u00eddia local e interativa. Esse \u00e9 o futuro?\u201d.<\/p>\n<p style=\"text-align: justify;\">O Congresso da ABERT tamb\u00e9m ter\u00e1 a Sala do Radiodifusor, onde agentes p\u00fablicos e privados do setor far\u00e3o uma esp\u00e9cie de plant\u00e3o de atendimento, com explica\u00e7\u00f5es e esclarecimento de d\u00favidas dos radiodifusores. Al\u00e9m disso, quatorze expositores apresentar\u00e3o seus produtos de m\u00eddia, comunica\u00e7\u00e3o, cursos, tecnologia para r\u00e1dio e televis\u00e3o.<\/p>\n<p style=\"text-align: justify;\">Fonte: Abert.<\/p>\n","protected":false},"excerpt":{"rendered":"<p>\u201cSomos r\u00e1dio e televis\u00e3o: informa\u00e7\u00e3o e entretenimento gratuitos com credibilidade.&hellip;<\/p>\n<p> <a class=\"more-link\" href=\"https:\/\/sertsc.org.br\/site\/congresso-da-abert-inscricoes-com-desconto-vao-ate-30-de-abril\/\">Leia mais<\/a><\/p>\n","protected":false},"author":1,"featured_media":7120,"comment_status":"closed","ping_status":"open","sticky":false,"template":"","format":"standard","meta":{"footnotes":""},"categories":[3],"tags":[],"class_list":{"0":"post-7281","1":"post","2":"type-post","3":"status-publish","4":"format-standard","5":"has-post-thumbnail","7":"category-noticias"},"_links":{"self":[{"href":"https:\/\/sertsc.org.br\/site\/wp-json\/wp\/v2\/posts\/7281","targetHints":{"allow":["GET"]}}],"collection":[{"href":"https:\/\/sertsc.org.br\/site\/wp-json\/wp\/v2\/posts"}],"about":[{"href":"https:\/\/sertsc.org.br\/site\/wp-json\/wp\/v2\/types\/post"}],"author":[{"embeddable":true,"href":"https:\/\/sertsc.org.br\/site\/wp-json\/wp\/v2\/users\/1"}],"replies":[{"embeddable":true,"href":"https:\/\/sertsc.org.br\/site\/wp-json\/wp\/v2\/comments?post=7281"}],"version-history":[{"count":0,"href":"https:\/\/sertsc.org.br\/site\/wp-json\/wp\/v2\/posts\/7281\/revisions"}],"wp:featuredmedia":[{"embeddable":true,"href":"https:\/\/sertsc.org.br\/site\/wp-json\/"}],"wp:attachment":[{"href":"https:\/\/sertsc.org.br\/site\/wp-json\/wp\/v2\/media?parent=7281"}],"wp:term":[{"taxonomy":"category","embeddable":true,"href":"https:\/\/sertsc.org.br\/site\/wp-json\/wp\/v2\/categories?post=7281"},{"taxonomy":"post_tag","embeddable":true,"href":"https:\/\/sertsc.org.br\/site\/wp-json\/wp\/v2\/tags?post=7281"}],"curies":[{"name":"wp","href":"https:\/\/api.w.org\/{rel}","templated":true}]}}