{"id":7273,"date":"2018-04-26T10:24:04","date_gmt":"2018-04-26T13:24:04","guid":{"rendered":"http:\/\/www.sertsc.org.br\/site\/?p=7273"},"modified":"2018-04-26T10:24:04","modified_gmt":"2018-04-26T13:24:04","slug":"cresce-acesso-internet-pela-televisao-no-brasil-diz-ibge","status":"publish","type":"post","link":"https:\/\/sertsc.org.br\/site\/cresce-acesso-internet-pela-televisao-no-brasil-diz-ibge\/","title":{"rendered":"Cresce acesso \u00e0 internet pela televis\u00e3o no Brasil, diz IBGE"},"content":{"rendered":"<p style=\"text-align: justify;\">Por outro lado, o acesso via tablet diminuiu, assim como caiu a quantidade de notebooks e telefones fixos nos domic\u00edlios brasileiros.<\/p>\n<figure id=\"attachment_7274\" aria-describedby=\"caption-attachment-7274\" style=\"width: 680px\" class=\"wp-caption aligncenter\"><a href=\"http:\/\/www.sertsc.org.br\/site\/cresce-acesso-internet-pela-televisao-no-brasil-diz-ibge\/economia-televisao-internet-20141215-0002\/\" rel=\"attachment wp-att-7274\"><img fetchpriority=\"high\" decoding=\"async\" class=\"wp-image-7274 size-full\" src=\"http:\/\/www.sertsc.org.br\/site\/wp-content\/uploads\/2018\/04\/economia-televisao-internet-20141215-0002.jpg\" alt=\"economia-televisao-internet-20141215-0002\" width=\"680\" height=\"453\" \/><\/a><figcaption id=\"caption-attachment-7274\" class=\"wp-caption-text\">Foto &#8211; No ano passado, 10,6% dos brasileiros acessaram a internet pela TV, uma alta de 2,9 pontos em rela\u00e7\u00e3o a 2016 (iStock\/Getty Images)<\/figcaption><\/figure>\n<p style=\"text-align: justify;\">A populariza\u00e7\u00e3o dos smartphones e de aparelhos de TV com acesso \u00e0 internet (smarTVs) mudou a forma do brasileiro consumir informa\u00e7\u00e3o e entretenimento. No ano passado, 10,6% dos brasileiros acessaram a internet pela TV, uma alta de 2,9 pontos porcentuais em rela\u00e7\u00e3o a 2016, quando 7,7% utilizaram esse sistema. Os dados constam da Pesquisa Nacional por Amostra de Domic\u00edlios Cont\u00ednua (PNAD Cont\u00ednua), divulgada nesta quinta-feira pelo Instituto Brasileiro de Geografia e Estat\u00edstica (IBGE).<\/p>\n<p style=\"text-align: justify;\">\u201cCom o desligamento do sinal anal\u00f3gico, muitas pessoas que tinham condi\u00e7\u00f5es financeiras trocaram o televisor por smartTV\u201d, afirma Maria L\u00facia Vieira, gerente da Pnad Cont\u00ednua.<\/p>\n<p style=\"text-align: justify;\">Embora esta pesquisa n\u00e3o revele especificamente a motiva\u00e7\u00e3o para o uso da internet, o principal raz\u00e3o apontada \u00e9 o envio de mensagens, seguido por filmes e jogos. Isso confirma a expans\u00e3o do acesso de brasileiros a programas de televis\u00e3o on demand, como Netflix, Amazon Prime e outros.<\/p>\n<p style=\"text-align: justify;\">Como esses conte\u00fados podem ser acessados em outras plataformas, o n\u00famero de aparelhos televisores nos lares caiu de 97,4% para 96,8%. A presen\u00e7a dos smartphones nas resid\u00eancias brasileiras continua em alta, passando de 92,3% para 92,7% entre 2016 e 2017.<\/p>\n<p style=\"text-align: justify;\">Por outro lado, a pesquisa mostrou que outros aparelhos est\u00e3o caindo em desuso, caso do telefone fixo e do tablet. O acesso \u00e0 internet via tablet caiu de 12,1% para 10,5%. A queda tamb\u00e9m pode ser observada na quantidade de notebooks por domic\u00edlio. O aparelho, que chegou a ser o coqueluche dos aficionados por tecnologia, caiu de 46,2% para 44%.<\/p>\n<p style=\"text-align: justify;\">A presen\u00e7a do telefone fixo nas casas dos brasileiros caiu de 34,5% para 32,1% no per\u00edodo pesquisado. \u201cNa regi\u00e3o Norte, onde a estrutura para telefone fixo \u00e9 mais dif\u00edcil, h\u00e1 uma tend\u00eancia de que as pessoas acabem usando mais o celular\u201d, completa Maria L\u00facia. A maioria das linhas de telefone fixo est\u00e1 no Sudeste (47%), enquanto que na regi\u00e3o Norte apenas 10,6% dos domic\u00edlios possuem o servi\u00e7o.<\/p>\n<p style=\"text-align: justify;\">Se o n\u00famero de geladeiras permaneceu igual nas casas, a m\u00e1quina de lavar teve um ligeiro aumento \u2013 passou de 63% para 63,8%. \u201cEste \u00e9 um item que vem aumentando, mas a geladeira \u00e9 considerada um item mais essencial\u201d, diz Maria L\u00facia.<\/p>\n<p style=\"text-align: justify;\">No quesito mobilidade, tamb\u00e9m aumentou a presen\u00e7a de carros (de 47,4% para 47,6%) e de motocicletas (21,8% para 22,4%). Os moradores do Sul s\u00e3o os que mais t\u00eam posse de carro (67,5%), enquanto os do Norte s\u00e3o os com menos (26,9%). Mas \u00e9 no Norte e no Nordeste que as motos superam a quantidade de carros (32,6% e 29,8%, respectivamente).<\/p>\n<p style=\"text-align: justify;\">Fonte: Revista Veja.<\/p>\n","protected":false},"excerpt":{"rendered":"<p>Por outro lado, o acesso via tablet diminuiu, assim como&hellip;<\/p>\n<p> <a class=\"more-link\" href=\"https:\/\/sertsc.org.br\/site\/cresce-acesso-internet-pela-televisao-no-brasil-diz-ibge\/\">Leia mais<\/a><\/p>\n","protected":false},"author":1,"featured_media":7274,"comment_status":"closed","ping_status":"open","sticky":false,"template":"","format":"standard","meta":{"footnotes":""},"categories":[3],"tags":[],"class_list":{"0":"post-7273","1":"post","2":"type-post","3":"status-publish","4":"format-standard","5":"has-post-thumbnail","7":"category-noticias"},"_links":{"self":[{"href":"https:\/\/sertsc.org.br\/site\/wp-json\/wp\/v2\/posts\/7273","targetHints":{"allow":["GET"]}}],"collection":[{"href":"https:\/\/sertsc.org.br\/site\/wp-json\/wp\/v2\/posts"}],"about":[{"href":"https:\/\/sertsc.org.br\/site\/wp-json\/wp\/v2\/types\/post"}],"author":[{"embeddable":true,"href":"https:\/\/sertsc.org.br\/site\/wp-json\/wp\/v2\/users\/1"}],"replies":[{"embeddable":true,"href":"https:\/\/sertsc.org.br\/site\/wp-json\/wp\/v2\/comments?post=7273"}],"version-history":[{"count":0,"href":"https:\/\/sertsc.org.br\/site\/wp-json\/wp\/v2\/posts\/7273\/revisions"}],"wp:featuredmedia":[{"embeddable":true,"href":"https:\/\/sertsc.org.br\/site\/wp-json\/"}],"wp:attachment":[{"href":"https:\/\/sertsc.org.br\/site\/wp-json\/wp\/v2\/media?parent=7273"}],"wp:term":[{"taxonomy":"category","embeddable":true,"href":"https:\/\/sertsc.org.br\/site\/wp-json\/wp\/v2\/categories?post=7273"},{"taxonomy":"post_tag","embeddable":true,"href":"https:\/\/sertsc.org.br\/site\/wp-json\/wp\/v2\/tags?post=7273"}],"curies":[{"name":"wp","href":"https:\/\/api.w.org\/{rel}","templated":true}]}}