{"id":7271,"date":"2018-04-26T09:00:09","date_gmt":"2018-04-26T12:00:09","guid":{"rendered":"http:\/\/www.sertsc.org.br\/site\/?p=7271"},"modified":"2018-04-26T09:00:09","modified_gmt":"2018-04-26T12:00:09","slug":"presidentes-das-entidades-que-compoes-o-gsul-explicam-proposito-do-movimento","status":"publish","type":"post","link":"https:\/\/sertsc.org.br\/site\/presidentes-das-entidades-que-compoes-o-gsul-explicam-proposito-do-movimento\/","title":{"rendered":"Presidentes das entidades que comp\u00f5es o GSul explicam prop\u00f3sito do movimento"},"content":{"rendered":"<p style=\"text-align: justify;\">As entidades representativas das emissoras de R\u00e1dio e Televis\u00e3o de Santa Catarina, Rio Grande do Sul e Paran\u00e1 lan\u00e7aram dia 18 deste m\u00eas, na C\u00e2mara dos Deputados, em Bras\u00edlia, o \u201cGSul\u201d, movimento que pretende destacar as potencialidades da Regi\u00e3o. Evento reuniu os parlamentares das tr\u00eas bancadas do Sul do pa\u00eds no Congresso Nacional.<\/p>\n<p style=\"text-align: justify;\">Confira\u00a0fala dos presidentes das entidades que comp\u00f5es o GSul:<\/p>\n<p><iframe title=\"Movimento do \u201cGSul\u201d \u00e9 lan\u00e7ado por entidades da radiodifus\u00e3o do PR, SC e RS\" width=\"800\" height=\"450\" src=\"https:\/\/www.youtube.com\/embed\/4nJiOSUWQVw?feature=oembed\" frameborder=\"0\" allow=\"accelerometer; autoplay; clipboard-write; encrypted-media; gyroscope; picture-in-picture; web-share\" referrerpolicy=\"strict-origin-when-cross-origin\" allowfullscreen><\/iframe><\/p>\n","protected":false},"excerpt":{"rendered":"<p>As entidades representativas das emissoras de R\u00e1dio e Televis\u00e3o de&hellip;<\/p>\n<p> <a class=\"more-link\" href=\"https:\/\/sertsc.org.br\/site\/presidentes-das-entidades-que-compoes-o-gsul-explicam-proposito-do-movimento\/\">Leia mais<\/a><\/p>\n","protected":false},"author":1,"featured_media":7127,"comment_status":"closed","ping_status":"open","sticky":false,"template":"","format":"standard","meta":{"footnotes":""},"categories":[33],"tags":[],"class_list":{"0":"post-7271","1":"post","2":"type-post","3":"status-publish","4":"format-standard","5":"has-post-thumbnail","7":"category-destaques"},"_links":{"self":[{"href":"https:\/\/sertsc.org.br\/site\/wp-json\/wp\/v2\/posts\/7271","targetHints":{"allow":["GET"]}}],"collection":[{"href":"https:\/\/sertsc.org.br\/site\/wp-json\/wp\/v2\/posts"}],"about":[{"href":"https:\/\/sertsc.org.br\/site\/wp-json\/wp\/v2\/types\/post"}],"author":[{"embeddable":true,"href":"https:\/\/sertsc.org.br\/site\/wp-json\/wp\/v2\/users\/1"}],"replies":[{"embeddable":true,"href":"https:\/\/sertsc.org.br\/site\/wp-json\/wp\/v2\/comments?post=7271"}],"version-history":[{"count":0,"href":"https:\/\/sertsc.org.br\/site\/wp-json\/wp\/v2\/posts\/7271\/revisions"}],"wp:featuredmedia":[{"embeddable":true,"href":"https:\/\/sertsc.org.br\/site\/wp-json\/"}],"wp:attachment":[{"href":"https:\/\/sertsc.org.br\/site\/wp-json\/wp\/v2\/media?parent=7271"}],"wp:term":[{"taxonomy":"category","embeddable":true,"href":"https:\/\/sertsc.org.br\/site\/wp-json\/wp\/v2\/categories?post=7271"},{"taxonomy":"post_tag","embeddable":true,"href":"https:\/\/sertsc.org.br\/site\/wp-json\/wp\/v2\/tags?post=7271"}],"curies":[{"name":"wp","href":"https:\/\/api.w.org\/{rel}","templated":true}]}}