{"id":7265,"date":"2018-04-24T15:57:41","date_gmt":"2018-04-24T18:57:41","guid":{"rendered":"http:\/\/www.sertsc.org.br\/site\/?p=7265"},"modified":"2018-04-24T15:57:41","modified_gmt":"2018-04-24T18:57:41","slug":"informacao-e-entretenimento-no-congresso-da-abert","status":"publish","type":"post","link":"https:\/\/sertsc.org.br\/site\/informacao-e-entretenimento-no-congresso-da-abert\/","title":{"rendered":"Informa\u00e7\u00e3o e entretenimento no Congresso da ABERT"},"content":{"rendered":"<p style=\"text-align: justify;\">Radiodifusores e profissionais de comunica\u00e7\u00e3o que gostam de se atualizar sobre as novidades do setor j\u00e1 podem se inscrever no 28\u00ba Congresso Brasileiro de Radiodifus\u00e3o. Os ingressos e pacotes adquiridos at\u00e9 o dia 30 de abril t\u00eam desconto. Com o tema \u201cSomos r\u00e1dio e televis\u00e3o: informa\u00e7\u00e3o e entretenimento gratuitos com credibilidade. Somos Brasil!\u201d, o evento acontecer\u00e1 em Bras\u00edlia, nos dias 21 e 22 de agosto.<\/p>\n<p style=\"text-align: justify;\">O diretor geral da ABERT, Cristiano Lobato Flores, garante que um conte\u00fado exclusivo espera os participantes. \u201cSer\u00e1 uma grande oportunidade de estreitar la\u00e7os e se atualizar sobre as novidades. Teremos diferentes atra\u00e7\u00f5es, seguindo a linha do tema do congresso que fala sobre informa\u00e7\u00e3o e entretenimento. De acordo com a m\u00e9dia dos \u00faltimos anos, esperamos contar com a presen\u00e7a de mais de mil profissionais do r\u00e1dio e da TV de todo o Brasil\u201d, diz.<\/p>\n<p style=\"text-align: justify;\">Para falar sobre temas como novas tecnologias e m\u00eddias, estrat\u00e9gias de comunica\u00e7\u00e3o e vendas, a ABERT convidou grandes nomes do cen\u00e1rio nacional e internacional. O soci\u00f3logo franc\u00eas, especialista em Ci\u00eancias da Comunica\u00e7\u00e3o e escritor, Dominique Wolton, estar\u00e1 presente na palestra \u201cNovas plataformas de m\u00eddia e inconsist\u00eancias regulat\u00f3rias\u201d. Durante o congresso, ele lan\u00e7ar\u00e1 o livro \u201cPol\u00edtica e Sociedade: Papa Francisco, encontros com Dominique Wolton\u201d, sobre as entrevistas concedidas pelo pont\u00edfice ao escritor. J\u00e1 o americano Jerald Fritz, vice-presidente executivo de Assuntos Legais e Estrat\u00e9gicos da ONE Media 3.0, falar\u00e1 no painel \u201cOs desafios mercadol\u00f3gicos impostos pela tecnologia\u201d. Ambos apresentar\u00e3o suas experi\u00eancias pr\u00e1ticas e como cada tema \u00e9 tratado no exterior.<\/p>\n<p style=\"text-align: justify;\">Paralelamente \u00e0s palestras e pain\u00e9is, o Congresso da ABERT tamb\u00e9m ter\u00e1 a Sala do Radiodifusor, onde agentes p\u00fablicos e privados do setor far\u00e3o uma esp\u00e9cie de plant\u00e3o de atendimento, com explica\u00e7\u00f5es e esclarecimento de d\u00favidas dos radiodifusores. Quatorze expositores apresentar\u00e3o seus produtos de m\u00eddia, comunica\u00e7\u00e3o, cursos, tecnologia para r\u00e1dio e televis\u00e3o.<\/p>\n<p style=\"text-align: justify;\">As inscri\u00e7\u00f5es podem ser feitas no site oficial do congresso: <a href=\"http:\/\/www.28congressoabert.com.br\" target=\"_blank\" rel=\"noopener noreferrer\">www.28congressoabert.com.br<\/a>.<\/p>\n<p style=\"text-align: justify;\">Fonte: Abert.<\/p>\n","protected":false},"excerpt":{"rendered":"<p>Radiodifusores e profissionais de comunica\u00e7\u00e3o que gostam de se atualizar&hellip;<\/p>\n<p> <a class=\"more-link\" href=\"https:\/\/sertsc.org.br\/site\/informacao-e-entretenimento-no-congresso-da-abert\/\">Leia mais<\/a><\/p>\n","protected":false},"author":1,"featured_media":7120,"comment_status":"closed","ping_status":"open","sticky":false,"template":"","format":"standard","meta":{"footnotes":""},"categories":[3],"tags":[],"class_list":{"0":"post-7265","1":"post","2":"type-post","3":"status-publish","4":"format-standard","5":"has-post-thumbnail","7":"category-noticias"},"_links":{"self":[{"href":"https:\/\/sertsc.org.br\/site\/wp-json\/wp\/v2\/posts\/7265","targetHints":{"allow":["GET"]}}],"collection":[{"href":"https:\/\/sertsc.org.br\/site\/wp-json\/wp\/v2\/posts"}],"about":[{"href":"https:\/\/sertsc.org.br\/site\/wp-json\/wp\/v2\/types\/post"}],"author":[{"embeddable":true,"href":"https:\/\/sertsc.org.br\/site\/wp-json\/wp\/v2\/users\/1"}],"replies":[{"embeddable":true,"href":"https:\/\/sertsc.org.br\/site\/wp-json\/wp\/v2\/comments?post=7265"}],"version-history":[{"count":0,"href":"https:\/\/sertsc.org.br\/site\/wp-json\/wp\/v2\/posts\/7265\/revisions"}],"wp:featuredmedia":[{"embeddable":true,"href":"https:\/\/sertsc.org.br\/site\/wp-json\/"}],"wp:attachment":[{"href":"https:\/\/sertsc.org.br\/site\/wp-json\/wp\/v2\/media?parent=7265"}],"wp:term":[{"taxonomy":"category","embeddable":true,"href":"https:\/\/sertsc.org.br\/site\/wp-json\/wp\/v2\/categories?post=7265"},{"taxonomy":"post_tag","embeddable":true,"href":"https:\/\/sertsc.org.br\/site\/wp-json\/wp\/v2\/tags?post=7265"}],"curies":[{"name":"wp","href":"https:\/\/api.w.org\/{rel}","templated":true}]}}