{"id":7261,"date":"2018-04-24T14:10:31","date_gmt":"2018-04-24T17:10:31","guid":{"rendered":"http:\/\/www.sertsc.org.br\/site\/?p=7261"},"modified":"2018-04-24T14:10:31","modified_gmt":"2018-04-24T17:10:31","slug":"acaert-lanca-maior-campanha-social-de-santa-catarina","status":"publish","type":"post","link":"https:\/\/sertsc.org.br\/site\/acaert-lanca-maior-campanha-social-de-santa-catarina\/","title":{"rendered":"ACAERT lan\u00e7a maior campanha social de Santa Catarina"},"content":{"rendered":"<p style=\"text-align: justify;\">\u201cJeito Catarinense\u201d mobilizar\u00e1 cerca de 120 mil alunos da Rede Estadual de Educa\u00e7\u00e3o.<\/p>\n<p style=\"text-align: justify;\">A <strong>ACAERT \u2013 Associa\u00e7\u00e3o Catarinense de Emissoras de R\u00e1dio e Televis\u00e3o<\/strong> lan\u00e7a nesta ter\u00e7a-feira (24), em Chapec\u00f3, a maior campanha social e educativa j\u00e1 realizada em Santa Catarina. \u00c9 o \u201cJeito Catarinense \u2013 o jeito certo de fazer as coisas\u201d que envolver\u00e1 119.112 mil alunos de 8 a 12 anos de 892 escolas da Rede Estadual de Ensino. O evento ter\u00e1 a presen\u00e7a do governador Eduardo Pinho Moreira, embaixador da Col\u00f4mbia, Alejandro Borda, presidente da ACAERT, Marcello Corr\u00eaa Petrelli e do secret\u00e1rio de Estado da Educa\u00e7\u00e3o, Eduardo Deschamps.<\/p>\n<p style=\"text-align: justify;\">O objetivo da campanha \u00e9 motivar toda sociedade a tomar atitudes que visem o bem coletivo no seu dia a dia, estimulando a\u00e7\u00f5es positivas e desencorajando a\u00e7\u00f5es negativas.<\/p>\n<p style=\"text-align: justify;\">Para incentivar e esclarecer quais s\u00e3o estas atitudes, a campanha prop\u00f5e o uso de uma cartilha e cart\u00f5es para traduzir o nosso jeito de fazer as coisas. Os cart\u00f5es ser\u00e3o utilizados para demonstrar indigna\u00e7\u00e3o com a\u00e7\u00f5es negativas (cart\u00e3o vermelho) ou reconhecimento para as a\u00e7\u00f5es positivas (cart\u00e3o verde), indicando o jeito certo de fazer as coisas.<\/p>\n<p style=\"text-align: justify;\">Cart\u00e3o vermelho para o fura fila, quem joga lixo no ch\u00e3o, estaciona em lugar do idoso e briga no tr\u00e2nsito. Cart\u00e3o verde para quem cede o assento para gr\u00e1vidas no \u00f4nibus, faz reciclagem dos res\u00edduos, respeita a faixa de pedestre. Gentileza gera gentileza.<\/p>\n<p style=\"text-align: justify;\">Ser\u00e3o distribu\u00eddas 10 mil cartilhas \u00e0s escolas, com um conte\u00fado que foi analisado e aprovado por pedagogos e educadores catarinenses, com o apoio da Secretaria de Estado da Educa\u00e7\u00e3o.<\/p>\n<p style=\"text-align: justify;\">A inspira\u00e7\u00e3o da campanha veio de uma iniciativa da prefeitura de Bogot\u00e1, na Col\u00f4mbia, que conseguiu reverter com essa e outras a\u00e7\u00f5es o \u00edndice de viol\u00eancia e desequil\u00edbrio social, tornando-se hoje refer\u00eancia para o mundo. Da\u00ed a ACAERT faz esse link colombiano para o lan\u00e7amento em Chapec\u00f3.<\/p>\n<p style=\"text-align: justify;\">Videoconfer\u00eancia &#8211; Os diretores e professores foram sensibilizados para que participem efetivamente deste esfor\u00e7o coletivo. Por isso, na \u00faltima sexta-feira (20), houve uma teleconfer\u00eancia com os coordenadores das escolas, para apresenta\u00e7\u00e3o da campanha.<\/p>\n<p style=\"text-align: justify;\">SERVI\u00c7O:<\/p>\n<p style=\"text-align: justify;\">O QUE: Lan\u00e7amento da Campanha \u201cJeito Catarinense\u201d<\/p>\n<p style=\"text-align: justify;\">QUANDO: Ter\u00e7a-feira \u2013 Dia 24 de Abril, \u00e0s 16h30<\/p>\n<p style=\"text-align: justify;\">ONDE: Escola Estadual Marechal Bormann, situada na Travessa Brasil, 31D &#8211; Centro, Chapec\u00f3<\/p>\n<p style=\"text-align: justify;\">Fonte: Assessoria de Imprensa ACAERT<\/p>\n","protected":false},"excerpt":{"rendered":"<p>\u201cJeito Catarinense\u201d mobilizar\u00e1 cerca de 120 mil alunos da Rede&hellip;<\/p>\n<p> <a class=\"more-link\" href=\"https:\/\/sertsc.org.br\/site\/acaert-lanca-maior-campanha-social-de-santa-catarina\/\">Leia mais<\/a><\/p>\n","protected":false},"author":1,"featured_media":7262,"comment_status":"closed","ping_status":"open","sticky":false,"template":"","format":"standard","meta":{"footnotes":""},"categories":[3],"tags":[],"class_list":{"0":"post-7261","1":"post","2":"type-post","3":"status-publish","4":"format-standard","5":"has-post-thumbnail","7":"category-noticias"},"_links":{"self":[{"href":"https:\/\/sertsc.org.br\/site\/wp-json\/wp\/v2\/posts\/7261","targetHints":{"allow":["GET"]}}],"collection":[{"href":"https:\/\/sertsc.org.br\/site\/wp-json\/wp\/v2\/posts"}],"about":[{"href":"https:\/\/sertsc.org.br\/site\/wp-json\/wp\/v2\/types\/post"}],"author":[{"embeddable":true,"href":"https:\/\/sertsc.org.br\/site\/wp-json\/wp\/v2\/users\/1"}],"replies":[{"embeddable":true,"href":"https:\/\/sertsc.org.br\/site\/wp-json\/wp\/v2\/comments?post=7261"}],"version-history":[{"count":0,"href":"https:\/\/sertsc.org.br\/site\/wp-json\/wp\/v2\/posts\/7261\/revisions"}],"wp:featuredmedia":[{"embeddable":true,"href":"https:\/\/sertsc.org.br\/site\/wp-json\/"}],"wp:attachment":[{"href":"https:\/\/sertsc.org.br\/site\/wp-json\/wp\/v2\/media?parent=7261"}],"wp:term":[{"taxonomy":"category","embeddable":true,"href":"https:\/\/sertsc.org.br\/site\/wp-json\/wp\/v2\/categories?post=7261"},{"taxonomy":"post_tag","embeddable":true,"href":"https:\/\/sertsc.org.br\/site\/wp-json\/wp\/v2\/tags?post=7261"}],"curies":[{"name":"wp","href":"https:\/\/api.w.org\/{rel}","templated":true}]}}