{"id":7253,"date":"2018-04-24T09:09:17","date_gmt":"2018-04-24T12:09:17","guid":{"rendered":"http:\/\/www.sertsc.org.br\/site\/?p=7253"},"modified":"2018-04-24T09:09:17","modified_gmt":"2018-04-24T12:09:17","slug":"belem-e-manaus-desligam-sinal-analogico-de-tv-em-30-de-maio","status":"publish","type":"post","link":"https:\/\/sertsc.org.br\/site\/belem-e-manaus-desligam-sinal-analogico-de-tv-em-30-de-maio\/","title":{"rendered":"Bel\u00e9m e Manaus desligam sinal anal\u00f3gico de TV em 30 de maio"},"content":{"rendered":"<p style=\"text-align: justify;\">Por Luciano Nascimento &#8211; Rep\u00f3rter da Ag\u00eancia Brasil Bras\u00edlia<\/p>\n<p style=\"text-align: justify;\">O diretor-presidente da Ag\u00eancia Nacional de Telecomunica\u00e7\u00f5es (Anatel), Juarez Quadros, informou hoje (23), em Manaus, que o sinal anal\u00f3gico de TV ser\u00e1 desligado na capital e nos munic\u00edpios amazonenses de Careiro da V\u00e1rzea e Iranduba no dia 30 de maio. Em Bel\u00e9m e mais 11 munic\u00edpios paraenses, o desligamento ser\u00e1 na mesma data.<\/p>\n<p style=\"text-align: justify;\">Quadros divulgou a informa\u00e7\u00e3o ao participar da entrega de kits compostos por conversores e antenas a fam\u00edlias atendidas por programas sociais e que n\u00e3o t\u00eam aparelhos de televis\u00e3o que captam o sinal digital. At\u00e9 o momento, foram distribu\u00eddos entre fam\u00edlias beneficiadas por programas como o Bolsa Fam\u00edlia e o Minha Casa, Minha Vida, e pela Tarifa Social de Energia El\u00e9trica,160 mil kits, e a previs\u00e3o \u00e9 de entrega de mais 90 mil kits na regi\u00e3o.<\/p>\n<p style=\"text-align: justify;\">Amanh\u00e3 (24), Quadros estar\u00e1 em Bel\u00e9m para conversar com os moradores sobre o desligamento do sinal anal\u00f3gico de televis\u00e3o. Al\u00e9m da capital, ter\u00e3o o sinal anal\u00f3gico de TV desligado os munic\u00edpios de Ananindeua, Barcarena, Benevides, Bujaru, Cachoeira do Arari, Colares, Marituba, Ponta de Pedras, Santa B\u00e1rbara do Par\u00e1, Santa Isabel do Par\u00e1 e Santo Ant\u00f4nio do Tau\u00e1.<\/p>\n<p style=\"text-align: justify;\">As fam\u00edlias atendidas por programas sociais do governo federal no Par\u00e1 tamb\u00e9m v\u00e3o receber kits para recep\u00e7\u00e3o do sinal digital. A estimativa \u00e9 que at\u00e9 esta ter\u00e7a-feira (24) seja entregue o kit de n\u00famero 250 mil, na regi\u00e3o.<\/p>\n<p style=\"text-align: justify;\">Teresina<\/p>\n<p style=\"text-align: justify;\">Al\u00e9m de Bel\u00e9m e Manaus, a regi\u00e3o metropolitana de Teresina ter\u00e1 o sinal anal\u00f3gico de TV desligado em 30 de maio, informou a Anatel.<\/p>\n<p style=\"text-align: justify;\">At\u00e9 agora, 13 capitais j\u00e1 desligaram o sinal anal\u00f3gico de TV. Em todo o pa\u00eds, j\u00e1 foram distribu\u00eddos 9 milh\u00f5es de kits de convers\u00e3o.<\/p>\n<p style=\"text-align: justify;\">De acordo com a Anatel, com o desligamento do sinal anal\u00f3gico, haver\u00e1 a libera\u00e7\u00e3o da faixa de 700 MHz, atualmente ocupada por canais de TV aberta. Essa radiofrequ\u00eancia ser\u00e1 utilizada para ampliar a disponibilidade do servi\u00e7o de telefonia m\u00f3vel e Internet 4G no Brasil.<\/p>\n","protected":false},"excerpt":{"rendered":"<p>Por Luciano Nascimento &#8211; Rep\u00f3rter da Ag\u00eancia Brasil Bras\u00edlia O&hellip;<\/p>\n<p> <a class=\"more-link\" href=\"https:\/\/sertsc.org.br\/site\/belem-e-manaus-desligam-sinal-analogico-de-tv-em-30-de-maio\/\">Leia mais<\/a><\/p>\n","protected":false},"author":1,"featured_media":7254,"comment_status":"closed","ping_status":"open","sticky":false,"template":"","format":"standard","meta":{"footnotes":""},"categories":[3],"tags":[],"class_list":{"0":"post-7253","1":"post","2":"type-post","3":"status-publish","4":"format-standard","5":"has-post-thumbnail","7":"category-noticias"},"_links":{"self":[{"href":"https:\/\/sertsc.org.br\/site\/wp-json\/wp\/v2\/posts\/7253","targetHints":{"allow":["GET"]}}],"collection":[{"href":"https:\/\/sertsc.org.br\/site\/wp-json\/wp\/v2\/posts"}],"about":[{"href":"https:\/\/sertsc.org.br\/site\/wp-json\/wp\/v2\/types\/post"}],"author":[{"embeddable":true,"href":"https:\/\/sertsc.org.br\/site\/wp-json\/wp\/v2\/users\/1"}],"replies":[{"embeddable":true,"href":"https:\/\/sertsc.org.br\/site\/wp-json\/wp\/v2\/comments?post=7253"}],"version-history":[{"count":0,"href":"https:\/\/sertsc.org.br\/site\/wp-json\/wp\/v2\/posts\/7253\/revisions"}],"wp:featuredmedia":[{"embeddable":true,"href":"https:\/\/sertsc.org.br\/site\/wp-json\/"}],"wp:attachment":[{"href":"https:\/\/sertsc.org.br\/site\/wp-json\/wp\/v2\/media?parent=7253"}],"wp:term":[{"taxonomy":"category","embeddable":true,"href":"https:\/\/sertsc.org.br\/site\/wp-json\/wp\/v2\/categories?post=7253"},{"taxonomy":"post_tag","embeddable":true,"href":"https:\/\/sertsc.org.br\/site\/wp-json\/wp\/v2\/tags?post=7253"}],"curies":[{"name":"wp","href":"https:\/\/api.w.org\/{rel}","templated":true}]}}