{"id":7242,"date":"2018-04-23T08:53:17","date_gmt":"2018-04-23T11:53:17","guid":{"rendered":"http:\/\/www.sertsc.org.br\/site\/?p=7242"},"modified":"2018-04-23T08:53:17","modified_gmt":"2018-04-23T11:53:17","slug":"radio-gaucha-sera-case-em-oficina-do-congresso-acaert","status":"publish","type":"post","link":"https:\/\/sertsc.org.br\/site\/radio-gaucha-sera-case-em-oficina-do-congresso-acaert\/","title":{"rendered":"R\u00e1dio Ga\u00facha ser\u00e1 case em oficina do Congresso ACAERT"},"content":{"rendered":"<p style=\"text-align: justify;\">Conte\u00fado ser\u00e1 apresentado por Luciano Costa, Gerente de Solu\u00e7\u00f5es Integradas de Marketing, Produto e Opera\u00e7\u00f5es de R\u00e1dio do Grupo RBS<\/p>\n<p style=\"text-align: justify;\">A hist\u00f3ria, os programas de esporte, jornalismo e as a\u00e7\u00f5es de marketing da R\u00e1dio Ga\u00facha ser\u00e3o tema da oficina \u201cCASES DE SUCESSO\u201d no meio r\u00e1dio dentro da programa\u00e7\u00e3o do 17\u00ba CONGRESSO CATARINENSE DE R\u00c1DIO E TELEVIS\u00c3O, que acontece entre 04 a 06 de junho, no Hotel Infinity Blue, em Balne\u00e1rio Cambori\u00fa.<\/p>\n<p style=\"text-align: justify;\">O conte\u00fado ser\u00e1 apresentado por Luciano Costa, Gerente de Solu\u00e7\u00f5es Integradas de Marketing, Produto e Opera\u00e7\u00f5es de R\u00e1dio do Grupo RBS. Oficina tamb\u00e9m contar\u00e1 com o &#8220;case&#8221; do Sistema Clube de Comunica\u00e7\u00e3o de Ribeir\u00e3o Preto, Saiba mais <a href=\"http:\/\/congressoacaert.com.br\/\" target=\"_blank\" rel=\"noopener noreferrer\">AQUI<\/a> .<\/p>\n<p style=\"text-align: justify;\">Para saber mais sobre o Congresso ACAERT acesse: <a href=\"http:\/\/congressoacaert.com.br\/\" target=\"_blank\" rel=\"noopener noreferrer\">www.congressoacaert.com.br<\/a>. O site tamb\u00e9m traz todas as informa\u00e7\u00f5es do evento como valores, hospedagem, alimenta\u00e7\u00e3o, oficinais e a programa\u00e7\u00e3o completa.<\/p>\n<p style=\"text-align: justify;\"><strong>Sobre o Palestrante<\/strong><\/p>\n<p style=\"text-align: justify;\">&#8211; Luciano Costa, como \u00e9 conhecido, \u00e9 comunicador com relevante experi\u00eancia acad\u00eamica. Jornalista formado pela PUC-RS, tem p\u00f3s-gradua\u00e7\u00e3o em Lideran\u00e7a Estrat\u00e9gica de Neg\u00f3cios e Pessoas pela ESPM-RS. Foi professor do curso de locu\u00e7\u00e3o para r\u00e1dio e TV na OSCIP\/FEPLAM em Porto Alegre entre 2007 e 2012.<\/p>\n<p style=\"text-align: justify;\">&#8211; Atualmente \u00e9 Gerente de Redes, Licenciadas e Afiliadas da \u00e1rea de r\u00e1dio do Grupo RBS atuando diretamente nos processos relacionados \u00e0s Redes Atl\u00e2ntida RS, Ga\u00facha SAT, R\u00e1dio 102.3 FM, 92 FM e Farroupilha AM, todas de POA.<\/p>\n<p style=\"text-align: justify;\">&#8211; Luciano come\u00e7ou a trabalhar no meio r\u00e1dio no ano de 1992, em Santa Maria, na extinta 105 FM, hoje Ga\u00facha SM.<\/p>\n<p style=\"text-align: justify;\">&#8211; Foi comunicador da R\u00e1dio Atl\u00e2ntida Porto Alegre de 1994 a 1998 quando mudou-se para Santa Cruz do Sul com o desafio de liderar a R\u00e1dio Atl\u00e2ntida Santa Cruz. Retornou para a R\u00e1dio Atl\u00e2ntida Porto Alegre em 2001. Em 2003, come\u00e7ou sua atividade de gest\u00e3o relacionada a Rede Atl\u00e2ntida.<\/p>\n<p style=\"text-align: justify;\">&#8211; Em 2007, participou do projeto de reposicionamento da R\u00e1dio Itapema em Caxias do Sul e Santa Maria.<\/p>\n<p style=\"text-align: justify;\">&#8211; Em 2012, assumiu a gest\u00e3o da Rede Ga\u00facha SAT com o desafio de organizar os processos relacionados \u00e0s afiliadas, e tamb\u00e9m liderar o projeto de implementa\u00e7\u00e3o das emissoras pr\u00f3prias de Santa Maria (Ga\u00facha SM), Caxias do Sul (Ga\u00facha Serra) e Rio Grande\/Pelotas (Ga\u00facha Zona Sul).<\/p>\n<p style=\"text-align: justify;\">&#8211; Em 2015 recebeu a miss\u00e3o de contribuir com o processo de reorganiza\u00e7\u00e3o da R\u00e1dio Farroupilha, incluindo a estrat\u00e9gia de inclus\u00e3o no FM.<\/p>\n<p style=\"text-align: justify;\">&#8211; Recentemente participou do grupo que desenvolveu a estrat\u00e9gia e execu\u00e7\u00e3o da nova r\u00e1dio de POA no segmento popular: 92 FM.<\/p>\n<p style=\"text-align: justify;\">Fonte: ACAERT<\/p>\n","protected":false},"excerpt":{"rendered":"<p>Conte\u00fado ser\u00e1 apresentado por Luciano Costa, Gerente de Solu\u00e7\u00f5es Integradas&hellip;<\/p>\n<p> <a class=\"more-link\" href=\"https:\/\/sertsc.org.br\/site\/radio-gaucha-sera-case-em-oficina-do-congresso-acaert\/\">Leia mais<\/a><\/p>\n","protected":false},"author":1,"featured_media":7243,"comment_status":"closed","ping_status":"open","sticky":false,"template":"","format":"standard","meta":{"footnotes":""},"categories":[3],"tags":[],"class_list":{"0":"post-7242","1":"post","2":"type-post","3":"status-publish","4":"format-standard","5":"has-post-thumbnail","7":"category-noticias"},"_links":{"self":[{"href":"https:\/\/sertsc.org.br\/site\/wp-json\/wp\/v2\/posts\/7242","targetHints":{"allow":["GET"]}}],"collection":[{"href":"https:\/\/sertsc.org.br\/site\/wp-json\/wp\/v2\/posts"}],"about":[{"href":"https:\/\/sertsc.org.br\/site\/wp-json\/wp\/v2\/types\/post"}],"author":[{"embeddable":true,"href":"https:\/\/sertsc.org.br\/site\/wp-json\/wp\/v2\/users\/1"}],"replies":[{"embeddable":true,"href":"https:\/\/sertsc.org.br\/site\/wp-json\/wp\/v2\/comments?post=7242"}],"version-history":[{"count":0,"href":"https:\/\/sertsc.org.br\/site\/wp-json\/wp\/v2\/posts\/7242\/revisions"}],"wp:featuredmedia":[{"embeddable":true,"href":"https:\/\/sertsc.org.br\/site\/wp-json\/"}],"wp:attachment":[{"href":"https:\/\/sertsc.org.br\/site\/wp-json\/wp\/v2\/media?parent=7242"}],"wp:term":[{"taxonomy":"category","embeddable":true,"href":"https:\/\/sertsc.org.br\/site\/wp-json\/wp\/v2\/categories?post=7242"},{"taxonomy":"post_tag","embeddable":true,"href":"https:\/\/sertsc.org.br\/site\/wp-json\/wp\/v2\/tags?post=7242"}],"curies":[{"name":"wp","href":"https:\/\/api.w.org\/{rel}","templated":true}]}}