{"id":7239,"date":"2018-04-23T08:46:50","date_gmt":"2018-04-23T11:46:50","guid":{"rendered":"http:\/\/www.sertsc.org.br\/site\/?p=7239"},"modified":"2018-04-23T08:46:50","modified_gmt":"2018-04-23T11:46:50","slug":"teresina-tera-sinal-de-tv-analogica-desligado-em-30-de-maio","status":"publish","type":"post","link":"https:\/\/sertsc.org.br\/site\/teresina-tera-sinal-de-tv-analogica-desligado-em-30-de-maio\/","title":{"rendered":"Teresina ter\u00e1 sinal de tv anal\u00f3gica desligado em 30 de maio"},"content":{"rendered":"<p style=\"text-align: justify;\">J\u00e1 foram distribu\u00eddos 115 mil kits na capital do Piaui para fam\u00edlias de baixa renda para convers\u00e3o dos sinais de TV anal\u00f3gica para digital<\/p>\n<p style=\"text-align: justify;\">Em visita a Teresina para falar sobre o desligamento do sinal da TV anal\u00f3gica, que acontecer\u00e1 no dia 30 de maio, o presidente da Anatel, Juarez Quadros, informou hoje, 20, que j\u00e1 foram distribu\u00eddos 115 mil kits para as fam\u00edlias benefici\u00e1rias de programas sociais do governo na capital do Piau\u00ed para que possam, com o conversor, continuar usando o aparelho anal\u00f3gico para receber sinal digital de TV. Ele lembrou que h\u00e1 12 pontos de distribui\u00e7\u00e3o na cidade, e que \u00e9 poss\u00edvel marcar dia, local e hora para buscar o kit.<\/p>\n<p style=\"text-align: justify;\">O presidente da Seja Digital, Antonio Martelleto, explicou que as pessoas que t\u00eam direito ao kit gratuito devem fazer o agendamento pelo n\u00famero 147 ou pelo site do Seja Digital. Cerca de 30 mil fam\u00edlias inscritas nos programas sociais ainda n\u00e3o foram retirar os seus conversores. \u201cCaso o beneficiado j\u00e1 tenha uma TV digital, ele pode doar o kit ao seu vizinho\u201d, disse Martelleto. (Assessoria de Imprensa)<\/p>\n<p style=\"text-align: justify;\">Fonte: Tele S\u00edntese<\/p>\n","protected":false},"excerpt":{"rendered":"<p>J\u00e1 foram distribu\u00eddos 115 mil kits na capital do Piaui&hellip;<\/p>\n<p> <a class=\"more-link\" href=\"https:\/\/sertsc.org.br\/site\/teresina-tera-sinal-de-tv-analogica-desligado-em-30-de-maio\/\">Leia mais<\/a><\/p>\n","protected":false},"author":1,"featured_media":7240,"comment_status":"closed","ping_status":"open","sticky":false,"template":"","format":"standard","meta":{"footnotes":""},"categories":[3],"tags":[],"class_list":{"0":"post-7239","1":"post","2":"type-post","3":"status-publish","4":"format-standard","5":"has-post-thumbnail","7":"category-noticias"},"_links":{"self":[{"href":"https:\/\/sertsc.org.br\/site\/wp-json\/wp\/v2\/posts\/7239","targetHints":{"allow":["GET"]}}],"collection":[{"href":"https:\/\/sertsc.org.br\/site\/wp-json\/wp\/v2\/posts"}],"about":[{"href":"https:\/\/sertsc.org.br\/site\/wp-json\/wp\/v2\/types\/post"}],"author":[{"embeddable":true,"href":"https:\/\/sertsc.org.br\/site\/wp-json\/wp\/v2\/users\/1"}],"replies":[{"embeddable":true,"href":"https:\/\/sertsc.org.br\/site\/wp-json\/wp\/v2\/comments?post=7239"}],"version-history":[{"count":0,"href":"https:\/\/sertsc.org.br\/site\/wp-json\/wp\/v2\/posts\/7239\/revisions"}],"wp:featuredmedia":[{"embeddable":true,"href":"https:\/\/sertsc.org.br\/site\/wp-json\/"}],"wp:attachment":[{"href":"https:\/\/sertsc.org.br\/site\/wp-json\/wp\/v2\/media?parent=7239"}],"wp:term":[{"taxonomy":"category","embeddable":true,"href":"https:\/\/sertsc.org.br\/site\/wp-json\/wp\/v2\/categories?post=7239"},{"taxonomy":"post_tag","embeddable":true,"href":"https:\/\/sertsc.org.br\/site\/wp-json\/wp\/v2\/tags?post=7239"}],"curies":[{"name":"wp","href":"https:\/\/api.w.org\/{rel}","templated":true}]}}