{"id":7235,"date":"2018-04-23T08:42:48","date_gmt":"2018-04-23T11:42:48","guid":{"rendered":"http:\/\/www.sertsc.org.br\/site\/?p=7235"},"modified":"2018-04-23T08:42:48","modified_gmt":"2018-04-23T11:42:48","slug":"distribuicao-do-kit-da-tv-digital-chega-9-milhoes-de-familias","status":"publish","type":"post","link":"https:\/\/sertsc.org.br\/site\/distribuicao-do-kit-da-tv-digital-chega-9-milhoes-de-familias\/","title":{"rendered":"Distribui\u00e7\u00e3o do kit da TV digital chega a 9 milh\u00f5es de fam\u00edlias"},"content":{"rendered":"<p style=\"text-align: justify;\">A Seja Digital, entidade n\u00e3o governamental e sem fins lucrativos respons\u00e1vel pela opera\u00e7\u00e3o do processo de migra\u00e7\u00e3o do sinal de TV no Brasil, j\u00e1 distribuiu at\u00e9 agora 9 milh\u00f5es de kits de TV Digital, compostos por antena e conversor com controle remoto. O equipamento \u00e9 destinado gratuitamente \u00e0s fam\u00edlias de baixa renda, beneficiadas por algum programa social do governo federal, e permite que os que os televisores antigos recebam o sinal digital.<\/p>\n<p style=\"text-align: justify;\">Este processo come\u00e7ou no Brasil em 2015, e at\u00e9 o fim de 2018 mais de 1,3 mil munic\u00edpios passar\u00e3o pela mudan\u00e7a. No momento, mais de 550 cidades brasileiras j\u00e1 contam com o sinal de TV aberta digital. &#8220;S\u00e3o mais de 85 milh\u00f5es de pessoas assistindo TV aberta apenas pelo sinal digital&#8221;, afirma Antonio Carlos Martelletto, presidente da Seja Digital. &#8220;A distribui\u00e7\u00e3o dos kits gratuitos possibilita que as fam\u00edlias de menor renda tenham acesso a essa tecnologia de forma gratuita.&#8221;<\/p>\n<p style=\"text-align: justify;\">Nas regi\u00f5es onde a distribui\u00e7\u00e3o de kits j\u00e1 est\u00e1 acontecendo, a popula\u00e7\u00e3o deve acessar o site <a href=\"http:\/\/www.sejadigital.com.br\/site\/kit\" target=\"_blank\" rel=\"noopener noreferrer\">sejadigital.com.br\/kit<\/a> ou ligar gratuitamente para o n\u00famero 147, verificar se tem direito aos equipamentos e agendar a retirada. O cronograma de desligamento do sinal anal\u00f3gico de TV pode ser consultado no site <a href=\"http:\/\/www.sejadigital.com.br\/home\" target=\"_blank\" rel=\"noopener noreferrer\">www.sejadigital.com.br<\/a>.<\/p>\n<p style=\"text-align: justify;\">Fonte: Tela Viva<\/p>\n","protected":false},"excerpt":{"rendered":"<p>A Seja Digital, entidade n\u00e3o governamental e sem fins lucrativos&hellip;<\/p>\n<p> <a class=\"more-link\" href=\"https:\/\/sertsc.org.br\/site\/distribuicao-do-kit-da-tv-digital-chega-9-milhoes-de-familias\/\">Leia mais<\/a><\/p>\n","protected":false},"author":1,"featured_media":7236,"comment_status":"closed","ping_status":"open","sticky":false,"template":"","format":"standard","meta":{"footnotes":""},"categories":[3],"tags":[],"class_list":{"0":"post-7235","1":"post","2":"type-post","3":"status-publish","4":"format-standard","5":"has-post-thumbnail","7":"category-noticias"},"_links":{"self":[{"href":"https:\/\/sertsc.org.br\/site\/wp-json\/wp\/v2\/posts\/7235","targetHints":{"allow":["GET"]}}],"collection":[{"href":"https:\/\/sertsc.org.br\/site\/wp-json\/wp\/v2\/posts"}],"about":[{"href":"https:\/\/sertsc.org.br\/site\/wp-json\/wp\/v2\/types\/post"}],"author":[{"embeddable":true,"href":"https:\/\/sertsc.org.br\/site\/wp-json\/wp\/v2\/users\/1"}],"replies":[{"embeddable":true,"href":"https:\/\/sertsc.org.br\/site\/wp-json\/wp\/v2\/comments?post=7235"}],"version-history":[{"count":0,"href":"https:\/\/sertsc.org.br\/site\/wp-json\/wp\/v2\/posts\/7235\/revisions"}],"wp:featuredmedia":[{"embeddable":true,"href":"https:\/\/sertsc.org.br\/site\/wp-json\/"}],"wp:attachment":[{"href":"https:\/\/sertsc.org.br\/site\/wp-json\/wp\/v2\/media?parent=7235"}],"wp:term":[{"taxonomy":"category","embeddable":true,"href":"https:\/\/sertsc.org.br\/site\/wp-json\/wp\/v2\/categories?post=7235"},{"taxonomy":"post_tag","embeddable":true,"href":"https:\/\/sertsc.org.br\/site\/wp-json\/wp\/v2\/tags?post=7235"}],"curies":[{"name":"wp","href":"https:\/\/api.w.org\/{rel}","templated":true}]}}