{"id":7231,"date":"2018-04-20T11:33:35","date_gmt":"2018-04-20T14:33:35","guid":{"rendered":"http:\/\/www.sertsc.org.br\/site\/?p=7231"},"modified":"2018-04-20T11:33:35","modified_gmt":"2018-04-20T14:33:35","slug":"pesquisa-de-audiencia-e-formatacao-de-programacao-sao-tema-de-oficina-no-congresso-acaert","status":"publish","type":"post","link":"https:\/\/sertsc.org.br\/site\/pesquisa-de-audiencia-e-formatacao-de-programacao-sao-tema-de-oficina-no-congresso-acaert\/","title":{"rendered":"Pesquisa de Audi\u00eancia e Formata\u00e7\u00e3o de Programa\u00e7\u00e3o s\u00e3o tema de oficina no Congresso ACAERT"},"content":{"rendered":"<p style=\"text-align: justify;\">Assunto ser\u00e1 apresentado por Fernando Morgado, professor e consultor nas \u00e1reas de marketing, intelig\u00eancia de mercado e comunica\u00e7\u00e3o.<\/p>\n<p style=\"text-align: justify;\"><a href=\"http:\/\/www.sertsc.org.br\/site\/pesquisa-de-audiencia-e-formatacao-de-programacao-sao-tema-de-oficina-no-congresso-acaert\/morgado\/\" rel=\"attachment wp-att-7232\"><img fetchpriority=\"high\" decoding=\"async\" class=\"aligncenter size-full wp-image-7232\" src=\"http:\/\/www.sertsc.org.br\/site\/wp-content\/uploads\/2018\/04\/Morgado.jpg\" alt=\"Morgado\" width=\"680\" height=\"400\" \/><\/a><\/p>\n<p style=\"text-align: justify;\">\n<p style=\"text-align: justify;\">Como conhecer a audi\u00eancia da emissora, segmentar a programa\u00e7\u00e3o por hor\u00e1rios e definir o melhor formato para cada p\u00fablico? Essas e outras quest\u00f5es ser\u00e3o respondidas na oficina \u201cPesquisa de Audi\u00eancia e Formata\u00e7\u00e3o de Programa\u00e7\u00e3o\u201d durante o 17\u00ba CONGRESSO CATARINENSE DE R\u00c1DIO E TELEVIS\u00c3O nos dias 4, 5 e 6 de junho no HOTEL INFINITY BLUE, em Balne\u00e1rio Cambori\u00fa.<\/p>\n<p style=\"text-align: justify;\">A oficina ser\u00e1 ministrada por Fernando Morgado, professor, consultor, palestrante e escritor nas \u00e1reas de marketing, intelig\u00eancia de mercado e comunica\u00e7\u00e3o.<\/p>\n<p style=\"text-align: justify;\">Para saber mais sobre o Congresso ACAERT acesse: <a href=\"http:\/\/www.congressoacaert.com.br\" target=\"_blank\" rel=\"noopener noreferrer\">http:\/\/www.congressoacaert.com.br<\/a>. O site tamb\u00e9m traz todas as informa\u00e7\u00f5es do evento como valores, hospedagem, alimenta\u00e7\u00e3o, oficinais e a programa\u00e7\u00e3o completa.<\/p>\n<p style=\"text-align: justify;\">Sobre o Palestrante<\/p>\n<p style=\"text-align: justify;\">Fernando Morgado \u00e9 professor, consultor, palestrante e escritor nas \u00e1reas de marketing, intelig\u00eancia de mercado e comunica\u00e7\u00e3o. Possui nove livros no curr\u00edculo, incluindo o best seller &#8220;Silvio Santos: a trajet\u00f3ria do mito&#8221; (Matrix, 2017), &#8220;C\u00f3mo hacer presentaciones exitosas&#8221; (Ars Optika, 2017) e &#8220;Blota Jr.: a eleg\u00e2ncia no ar&#8221; (Matrix, 2015). Professor da FACHA e da ESPM. Professor convidado de diversas institui\u00e7\u00f5es, como Universidad Aut\u00f3noma Metropolitana do M\u00e9xico e PUC-Rio. Foi consultor da Federa\u00e7\u00e3o Nacional das Empresas de R\u00e1dio e Televis\u00e3o (FENAERT) e da Associa\u00e7\u00e3o das Emissoras de Radiodifus\u00e3o do Paran\u00e1 (AERP). Atuou na \u00e1rea de intelig\u00eancia de mercado do Sistema Globo de R\u00e1dio. Integra o N\u00facleo de Estudos de R\u00e1dio (NER) da Universidade Federal do Rio Grande do Sul (UFRGS). Mestre em Gest\u00e3o da Economia Criativa, especialista em Gest\u00e3o Empresarial e Marketing e graduado em Design com Habilita\u00e7\u00e3o em Comunica\u00e7\u00e3o Visual e \u00canfase em Marketing pela ESPM.<\/p>\n<p style=\"text-align: justify;\">Fonte: ACAERT<\/p>\n","protected":false},"excerpt":{"rendered":"<p>Assunto ser\u00e1 apresentado por Fernando Morgado, professor e consultor nas&hellip;<\/p>\n<p> <a class=\"more-link\" href=\"https:\/\/sertsc.org.br\/site\/pesquisa-de-audiencia-e-formatacao-de-programacao-sao-tema-de-oficina-no-congresso-acaert\/\">Leia mais<\/a><\/p>\n","protected":false},"author":1,"featured_media":7232,"comment_status":"closed","ping_status":"open","sticky":false,"template":"","format":"standard","meta":{"footnotes":""},"categories":[3],"tags":[],"class_list":{"0":"post-7231","1":"post","2":"type-post","3":"status-publish","4":"format-standard","5":"has-post-thumbnail","7":"category-noticias"},"_links":{"self":[{"href":"https:\/\/sertsc.org.br\/site\/wp-json\/wp\/v2\/posts\/7231","targetHints":{"allow":["GET"]}}],"collection":[{"href":"https:\/\/sertsc.org.br\/site\/wp-json\/wp\/v2\/posts"}],"about":[{"href":"https:\/\/sertsc.org.br\/site\/wp-json\/wp\/v2\/types\/post"}],"author":[{"embeddable":true,"href":"https:\/\/sertsc.org.br\/site\/wp-json\/wp\/v2\/users\/1"}],"replies":[{"embeddable":true,"href":"https:\/\/sertsc.org.br\/site\/wp-json\/wp\/v2\/comments?post=7231"}],"version-history":[{"count":0,"href":"https:\/\/sertsc.org.br\/site\/wp-json\/wp\/v2\/posts\/7231\/revisions"}],"wp:featuredmedia":[{"embeddable":true,"href":"https:\/\/sertsc.org.br\/site\/wp-json\/"}],"wp:attachment":[{"href":"https:\/\/sertsc.org.br\/site\/wp-json\/wp\/v2\/media?parent=7231"}],"wp:term":[{"taxonomy":"category","embeddable":true,"href":"https:\/\/sertsc.org.br\/site\/wp-json\/wp\/v2\/categories?post=7231"},{"taxonomy":"post_tag","embeddable":true,"href":"https:\/\/sertsc.org.br\/site\/wp-json\/wp\/v2\/tags?post=7231"}],"curies":[{"name":"wp","href":"https:\/\/api.w.org\/{rel}","templated":true}]}}