{"id":7217,"date":"2018-04-20T08:19:49","date_gmt":"2018-04-20T11:19:49","guid":{"rendered":"http:\/\/www.sertsc.org.br\/site\/?p=7217"},"modified":"2018-04-20T08:19:49","modified_gmt":"2018-04-20T11:19:49","slug":"bancada-federal-catarinense-prestigia-lancamento-do-g-sul-em-brasilia","status":"publish","type":"post","link":"https:\/\/sertsc.org.br\/site\/bancada-federal-catarinense-prestigia-lancamento-do-g-sul-em-brasilia\/","title":{"rendered":"Bancada federal catarinense prestigia lan\u00e7amento do G-Sul em Bras\u00edlia"},"content":{"rendered":"<p style=\"text-align: justify;\">Entre os diversos senadores e deputados federais dos tr\u00eas Estados da Regi\u00e3o Sul, estiveram presentes quase todos os representantes de Santa Catarina<\/p>\n<p style=\"text-align: justify;\">As entidades representativas das emissoras de R\u00e1dio e Televis\u00e3o do Paran\u00e1, Santa Catarina e Rio Grande do Sul lan\u00e7aram nesta quarta-feira (18), na C\u00e2mara dos Deputados, em Bras\u00edlia, o \u201cGSul\u201d, iniciativa que pretende destacar as potencialidades da Regi\u00e3o. Saiba mais sobre o lan\u00e7amento <a href=\"http:\/\/www.sertsc.org.br\/site\/com-apoio-do-sertsc-movimento-gsul-e-lancado-em-brasilia\/\" target=\"_blank\" rel=\"noopener noreferrer\">AQUI<\/a>.<\/p>\n<p style=\"text-align: justify;\">Veja abaixo o depoimento dos representantes da bancada parlamentar de Santa Catarina.<\/p>\n<p><a href=\"http:\/\/www.sertsc.org.br\/site\/bancada-federal-catarinense-prestigia-lancamento-do-g-sul-em-brasilia\/arte-autoridades\/\" rel=\"attachment wp-att-7218\"><img fetchpriority=\"high\" decoding=\"async\" class=\"aligncenter wp-image-7218 size-full\" src=\"http:\/\/www.sertsc.org.br\/site\/wp-content\/uploads\/2018\/04\/arte-autoridades.jpg\" alt=\"arte-autoridades\" width=\"680\" height=\"2900\" \/><\/a><\/p>\n<p>Fonte: Acaert.<\/p>\n","protected":false},"excerpt":{"rendered":"<p>Entre os diversos senadores e deputados federais dos tr\u00eas Estados&hellip;<\/p>\n<p> <a class=\"more-link\" href=\"https:\/\/sertsc.org.br\/site\/bancada-federal-catarinense-prestigia-lancamento-do-g-sul-em-brasilia\/\">Leia mais<\/a><\/p>\n","protected":false},"author":1,"featured_media":7197,"comment_status":"closed","ping_status":"open","sticky":false,"template":"","format":"standard","meta":{"footnotes":""},"categories":[3],"tags":[],"class_list":{"0":"post-7217","1":"post","2":"type-post","3":"status-publish","4":"format-standard","5":"has-post-thumbnail","7":"category-noticias"},"_links":{"self":[{"href":"https:\/\/sertsc.org.br\/site\/wp-json\/wp\/v2\/posts\/7217","targetHints":{"allow":["GET"]}}],"collection":[{"href":"https:\/\/sertsc.org.br\/site\/wp-json\/wp\/v2\/posts"}],"about":[{"href":"https:\/\/sertsc.org.br\/site\/wp-json\/wp\/v2\/types\/post"}],"author":[{"embeddable":true,"href":"https:\/\/sertsc.org.br\/site\/wp-json\/wp\/v2\/users\/1"}],"replies":[{"embeddable":true,"href":"https:\/\/sertsc.org.br\/site\/wp-json\/wp\/v2\/comments?post=7217"}],"version-history":[{"count":0,"href":"https:\/\/sertsc.org.br\/site\/wp-json\/wp\/v2\/posts\/7217\/revisions"}],"wp:featuredmedia":[{"embeddable":true,"href":"https:\/\/sertsc.org.br\/site\/wp-json\/"}],"wp:attachment":[{"href":"https:\/\/sertsc.org.br\/site\/wp-json\/wp\/v2\/media?parent=7217"}],"wp:term":[{"taxonomy":"category","embeddable":true,"href":"https:\/\/sertsc.org.br\/site\/wp-json\/wp\/v2\/categories?post=7217"},{"taxonomy":"post_tag","embeddable":true,"href":"https:\/\/sertsc.org.br\/site\/wp-json\/wp\/v2\/tags?post=7217"}],"curies":[{"name":"wp","href":"https:\/\/api.w.org\/{rel}","templated":true}]}}