{"id":7212,"date":"2018-04-19T16:48:57","date_gmt":"2018-04-19T19:48:57","guid":{"rendered":"http:\/\/www.sertsc.org.br\/site\/?p=7212"},"modified":"2018-04-19T16:48:57","modified_gmt":"2018-04-19T19:48:57","slug":"movimento-liderado-por-entidades-de-radiodifusao-de-sc-pr-e-rs-e-lancado-em-brasilia","status":"publish","type":"post","link":"https:\/\/sertsc.org.br\/site\/movimento-liderado-por-entidades-de-radiodifusao-de-sc-pr-e-rs-e-lancado-em-brasilia\/","title":{"rendered":"Movimento liderado por entidades de radiodifus\u00e3o de SC, PR e RS \u00e9 lan\u00e7ado em Bras\u00edlia"},"content":{"rendered":"<p style=\"text-align: justify;\">A iniciativa GSul \u00e9 resultado de uma a\u00e7\u00e3o conjunta e in\u00e9dita e busca fortalecer o setor na regi\u00e3o Sul por meio de a\u00e7\u00f5es em conjunto<\/p>\n<p style=\"text-align: justify;\">As entidades representativas das emissoras de r\u00e1dio e televis\u00e3o do Paran\u00e1, Santa Catarina e Rio Grande do Sul lan\u00e7aram ontem, na C\u00e2mara dos Deputados, em Bras\u00edlia, o GSul, iniciativa que pretende destacar as potencialidades da regi\u00e3o. O evento reuniu os parlamentares das tr\u00eas bancadas do Sul no Congresso.<\/p>\n<p style=\"text-align: justify;\">O movimento \u00e9 resultado de uma a\u00e7\u00e3o conjunta e in\u00e9dita da Acaert (Associa\u00e7\u00e3o Catarinense de Emissoras de R\u00e1dio e Televis\u00e3o), da Aerp (Associa\u00e7\u00e3o das Emissoras de Radiodifus\u00e3o do Paran\u00e1), da Agert (Associa\u00e7\u00e3o Ga\u00facha de Emissoras de R\u00e1dio e Televis\u00e3o e dos tr\u00eas sindicatos das Empresas de R\u00e1dio e Televis\u00e3o da Regi\u00e3o). \u201c<strong>Juntos, somos fortes. Unidos, somos imbat\u00edveis<\/strong>\u201d. \u00c9 o lema do cooperativismo e tamb\u00e9m ser\u00e1 o nosso.<\/p>\n<p style=\"text-align: justify;\">\u201c<strong>Para o bem do Brasil. A nossa ideia \u00e9 que as emissoras de r\u00e1dio e televis\u00e3o, importantes formadoras de opini\u00e3o, ressaltem o Su<\/strong>l\u201d, explicou o presidente da Acaert, Marcello Corr\u00eaa Petrelli.<\/p>\n<p style=\"text-align: justify;\">\u201c<strong>O setor da radiodifus\u00e3o dos tr\u00eas Estados estava trabalhando independentemente. Agora, com o GSul, queremos fortalecer a regi\u00e3o por meio de a\u00e7\u00f5es em conjunto, pois entendemos que precisamos ter uma participa\u00e7\u00e3o mais ativa no Brasil de todas as \u00e1reas<\/strong>\u201d, defendeu o presidente do Sert\/SC, Carlos Alberto Ross.<\/p>\n<p style=\"text-align: justify;\">Estiveram presentes da bancada catarinense os senadores Paulo Bauer (PSDB) e Dal\u00edrio Beber (PSDB), os deputados federais Jorginho Mello (PR), Esperidi\u00e3o Amin (PP), Carmen Zanotto (PPS), Celso Maldaner (PMDB), Rog\u00e9rio Peninha (PMDB), Jo\u00e3o Paulo Kleinubing (DEM), C\u00e9sar Souza (PSD), Marco Tebaldi (PSDB), Valdir Colatto (PMDB) e Ronaldo Benedet (PMDB).<\/p>\n<p style=\"text-align: justify;\">Tamb\u00e9m prestigiaram o lan\u00e7amento do Gsul o deputado federal Alex Canziani, presidente da Frente Parlamentar da M\u00eddia Regional, Paulo Tonet, presidente da Abert, e Andr\u00e9 Dias, diretor institucional da Abratel. Pelas entidades promotoras: Alexandre Barros, presidente da Aerp; Roberto Cervo, presidente da Agert; Ca\u00edque Agostini, presidente do Sert\/PR; e Ary dos Santos, presidente do Sindir\u00e1dios.<\/p>\n<p style=\"text-align: justify;\">&#8220;<strong>Temos que fazer as for\u00e7as vivas dos tr\u00eas Estados do Sul se unirem efetivamente para se tornarem mais fortes. No sentido de fazerem valer junto ao Executivo e Legislativo o peso que de fato a regi\u00e3o tem no pa\u00eds<\/strong>\u201d. &#8211; Dal\u00edrio Beber (PSDB), senador.<\/p>\n<p style=\"text-align: justify;\">&#8220;<strong>O Sul \u00e9 um peda\u00e7o do Brasil de grande import\u00e2ncia pela pujan\u00e7a econ\u00f4mica, pela express\u00e3o social e pol\u00edtica. \u00c9 preciso divulgar melhor o que n\u00f3s temos, o que somos e o que queremos. Por isso, esse trabalho que se faz para unir a m\u00eddia da regi\u00e3o Sul \u00e9 fundamental<\/strong>\u201d. &#8211; Paulo Bauer (PSDB), senador.<\/p>\n<p style=\"text-align: justify;\">&#8220;<strong>\u00c9 de se elogiar pela inciativa, pela intelig\u00eancia e pela grandeza de fazer um movimento desse com os Estados do Sul que s\u00e3o fortes, pujantes e s\u00e3o exemplos para o Brasil<\/strong>\u201d. &#8211; Jorginho Mello (PR), deputado federal, coordenador da F\u00f3rum Parlamentar Catarinense.<\/p>\n<p style=\"text-align: justify;\">&#8220;<strong>Temos os f\u00f3runs parlamentares das bancadas, que j\u00e1 \u00e9 um avan\u00e7o. Mas sem a for\u00e7a da m\u00eddia, sem o debate, sem a divulga\u00e7\u00e3o do problema e da poss\u00edvel solu\u00e7\u00e3o n\u00f3s ficamos muito fracos<\/strong>\u201d. &#8211; Esperidi\u00e3o Amin (PP), deputado federal.<\/p>\n<p style=\"text-align: justify;\">&#8220;<strong>O setor de radiodifus\u00e3o dos tr\u00eas estados estavam trabalhando independentemente. Agora, com o GSul, queremos fortalecer a regi\u00e3o por meio de a\u00e7\u00f5es em conjunto, pois entendemos que precisamos ter uma participa\u00e7\u00e3o mais ativa no Brasil de todas as \u00e1reas<\/strong>\u201d. &#8211; Carlos Alberto Ross, presidente da Sert\/SC.<\/p>\n<p style=\"text-align: justify;\">&#8220;A<strong> gente percebe a uni\u00e3o das bancadas de outras regi\u00f5es e elas t\u00eam conseguido muitas conquistas. E essa uni\u00e3o, atrav\u00e9s dos ve\u00edculos de comunica\u00e7\u00e3o, \u00e9 fundamental. Que se divulgue o que de bom est\u00e1 acontecendo<\/strong>\u201d. &#8211; Rog\u00e9rio Peninha (PMDB), deputado federal.<\/p>\n<p style=\"text-align: justify;\">&#8220;<strong>O F\u00f3rum Parlamentar de Santa Catarina j\u00e1 tem conseguido v\u00e1rios avan\u00e7os, principalmente na \u00e1rea da Sa\u00fade e na infraestrutura do Estado. E ter os ve\u00edculos de comunica\u00e7\u00e3o divulgando as boas a\u00e7\u00f5es de cada parlamentar \u00e9 muito importante.<\/strong>\u201d &#8211; Carmen Zanotto (PPS), deputada federal.<\/p>\n<p style=\"text-align: justify;\">&#8220;<strong>Est\u00e1 na hora de divulgar aquilo que \u00e9 bom. O Congresso Nacional faz muita coisa boa, mas que n\u00e3o aparece em lugar nenhum. Todos os parlamentares t\u00eam uma agenda positiva muito grande<\/strong>\u201d. &#8211; C\u00e9sar Souza (PSD), deputado federal.<\/p>\n<p style=\"text-align: justify;\">Fonte: Jornal Not\u00edcias do Dia.<\/p>\n","protected":false},"excerpt":{"rendered":"<p>A iniciativa GSul \u00e9 resultado de uma a\u00e7\u00e3o conjunta e&hellip;<\/p>\n<p> <a class=\"more-link\" href=\"https:\/\/sertsc.org.br\/site\/movimento-liderado-por-entidades-de-radiodifusao-de-sc-pr-e-rs-e-lancado-em-brasilia\/\">Leia mais<\/a><\/p>\n","protected":false},"author":1,"featured_media":7127,"comment_status":"closed","ping_status":"open","sticky":false,"template":"","format":"standard","meta":{"footnotes":""},"categories":[3],"tags":[],"class_list":{"0":"post-7212","1":"post","2":"type-post","3":"status-publish","4":"format-standard","5":"has-post-thumbnail","7":"category-noticias"},"_links":{"self":[{"href":"https:\/\/sertsc.org.br\/site\/wp-json\/wp\/v2\/posts\/7212","targetHints":{"allow":["GET"]}}],"collection":[{"href":"https:\/\/sertsc.org.br\/site\/wp-json\/wp\/v2\/posts"}],"about":[{"href":"https:\/\/sertsc.org.br\/site\/wp-json\/wp\/v2\/types\/post"}],"author":[{"embeddable":true,"href":"https:\/\/sertsc.org.br\/site\/wp-json\/wp\/v2\/users\/1"}],"replies":[{"embeddable":true,"href":"https:\/\/sertsc.org.br\/site\/wp-json\/wp\/v2\/comments?post=7212"}],"version-history":[{"count":0,"href":"https:\/\/sertsc.org.br\/site\/wp-json\/wp\/v2\/posts\/7212\/revisions"}],"wp:featuredmedia":[{"embeddable":true,"href":"https:\/\/sertsc.org.br\/site\/wp-json\/"}],"wp:attachment":[{"href":"https:\/\/sertsc.org.br\/site\/wp-json\/wp\/v2\/media?parent=7212"}],"wp:term":[{"taxonomy":"category","embeddable":true,"href":"https:\/\/sertsc.org.br\/site\/wp-json\/wp\/v2\/categories?post=7212"},{"taxonomy":"post_tag","embeddable":true,"href":"https:\/\/sertsc.org.br\/site\/wp-json\/wp\/v2\/tags?post=7212"}],"curies":[{"name":"wp","href":"https:\/\/api.w.org\/{rel}","templated":true}]}}