{"id":7205,"date":"2018-04-19T08:32:19","date_gmt":"2018-04-19T11:32:19","guid":{"rendered":"http:\/\/www.sertsc.org.br\/site\/?p=7205"},"modified":"2018-04-19T08:32:19","modified_gmt":"2018-04-19T11:32:19","slug":"7205-2","status":"publish","type":"post","link":"https:\/\/sertsc.org.br\/site\/7205-2\/","title":{"rendered":"Confer\u00eancia Legislativa debate combate \u00e0s not\u00edcias falsas"},"content":{"rendered":"<p style=\"text-align: justify;\">Com o tema \u201cA import\u00e2ncia da Educa\u00e7\u00e3o Midi\u00e1tica na forma\u00e7\u00e3o da cidadania e no combate \u00e0s not\u00edcias falsas\u201d, Bras\u00edlia sediar\u00e1, no dia 8 de maio, a 12\u00aa edi\u00e7\u00e3o da Confer\u00eancia Legislativa sobre Liberdade de Express\u00e3o.<\/p>\n<p style=\"text-align: justify;\">Promovido pelo Instituto Palavra Aberta com o apoio da C\u00e2mara dos Deputados, ABERT, ANER, ANJ e ESPM, o encontro debater\u00e1 os impactos das m\u00eddias sociais como fonte de consumo de informa\u00e7\u00e3o e como a educa\u00e7\u00e3o midi\u00e1tica pode ajudar no combate \u00e0 prolifera\u00e7\u00e3o das not\u00edcias falsas.<\/p>\n<p style=\"text-align: justify;\">\u201cA participa\u00e7\u00e3o do Legislativo e do Executivo na educa\u00e7\u00e3o midi\u00e1tica e informacional\u201d e \u201cEduca\u00e7\u00e3o Midi\u00e1tica no \u00e2mbito do ensino fundamental\u201d ser\u00e3o os dois pain\u00e9is do evento, que contar\u00e3o com a presen\u00e7a de diversos parlamentares, entre eles, o presidente da C\u00e2mara dos Deputados Rodrigo Maia (DEM-RJ), o secret\u00e1rio de Comunica\u00e7\u00e3o Social da C\u00e2mara Rodrigo Garcia (DEM-SP) e a senadora Ana Am\u00e9lia (PP-RS).<\/p>\n<p style=\"text-align: justify;\">A Confer\u00eancia Legislativa sobre Liberdade de Express\u00e3o ser\u00e1 realizada no Anexo II da C\u00e2mara dos Deputados e a entrada \u00e9 gratuita. Mais informa\u00e7\u00f5es no site: <a href=\"http:\/\/www.palavraaberta.org.br\/\" target=\"_blank\" rel=\"noopener noreferrer\">http:\/\/www.palavraaberta.org.br\/<\/a><\/p>\n<p style=\"text-align: justify;\">fonte: Abert.<\/p>\n","protected":false},"excerpt":{"rendered":"<p>Com o tema \u201cA import\u00e2ncia da Educa\u00e7\u00e3o Midi\u00e1tica na forma\u00e7\u00e3o&hellip;<\/p>\n<p> <a class=\"more-link\" href=\"https:\/\/sertsc.org.br\/site\/7205-2\/\">Leia mais<\/a><\/p>\n","protected":false},"author":1,"featured_media":7206,"comment_status":"closed","ping_status":"open","sticky":false,"template":"","format":"standard","meta":{"footnotes":""},"categories":[3],"tags":[90,91,92,45,39,61],"class_list":{"0":"post-7205","1":"post","2":"type-post","3":"status-publish","4":"format-standard","5":"has-post-thumbnail","7":"category-noticias","8":"tag-abert","9":"tag-fake-news","10":"tag-noticias-falsas","11":"tag-radio","12":"tag-radiodifusao","13":"tag-televisao"},"_links":{"self":[{"href":"https:\/\/sertsc.org.br\/site\/wp-json\/wp\/v2\/posts\/7205","targetHints":{"allow":["GET"]}}],"collection":[{"href":"https:\/\/sertsc.org.br\/site\/wp-json\/wp\/v2\/posts"}],"about":[{"href":"https:\/\/sertsc.org.br\/site\/wp-json\/wp\/v2\/types\/post"}],"author":[{"embeddable":true,"href":"https:\/\/sertsc.org.br\/site\/wp-json\/wp\/v2\/users\/1"}],"replies":[{"embeddable":true,"href":"https:\/\/sertsc.org.br\/site\/wp-json\/wp\/v2\/comments?post=7205"}],"version-history":[{"count":0,"href":"https:\/\/sertsc.org.br\/site\/wp-json\/wp\/v2\/posts\/7205\/revisions"}],"wp:featuredmedia":[{"embeddable":true,"href":"https:\/\/sertsc.org.br\/site\/wp-json\/"}],"wp:attachment":[{"href":"https:\/\/sertsc.org.br\/site\/wp-json\/wp\/v2\/media?parent=7205"}],"wp:term":[{"taxonomy":"category","embeddable":true,"href":"https:\/\/sertsc.org.br\/site\/wp-json\/wp\/v2\/categories?post=7205"},{"taxonomy":"post_tag","embeddable":true,"href":"https:\/\/sertsc.org.br\/site\/wp-json\/wp\/v2\/tags?post=7205"}],"curies":[{"name":"wp","href":"https:\/\/api.w.org\/{rel}","templated":true}]}}