{"id":7187,"date":"2018-04-18T11:30:46","date_gmt":"2018-04-18T14:30:46","guid":{"rendered":"http:\/\/www.sertsc.org.br\/site\/?p=7187"},"modified":"2018-04-18T11:30:46","modified_gmt":"2018-04-18T14:30:46","slug":"com-apoio-do-sertsc-movimento-gsul-e-lancado-em-brasilia","status":"publish","type":"post","link":"https:\/\/sertsc.org.br\/site\/com-apoio-do-sertsc-movimento-gsul-e-lancado-em-brasilia\/","title":{"rendered":"Movimento GSul \u00e9 lan\u00e7ado em Bras\u00edlia"},"content":{"rendered":"<p style=\"text-align: justify;\">O GSul, composto pelos tr\u00eas sindicatos patronais (SERT\/SC, SINDIR\u00c1DIO e SERT\/PR) e pelas tr\u00eas associa\u00e7\u00f5es das empresas de r\u00e1dio e televis\u00e3o da regi\u00e3o Sul (SC, RS e PR), foi lan\u00e7ado hoje na C\u00e2mara dos Deputados\u00a0em Bras\u00edlia com o apoio da Frente Parlamentar da M\u00eddia Regional.<\/p>\n<p style=\"text-align: justify;\">Numa iniciativa in\u00e9dita, as entidades representativas do r\u00e1dio e da televis\u00e3o do Sul do pa\u00eds se unem para destacar, atrav\u00e9s dos seus associados, as atividades das emissoras e todo o potencial econ\u00f4mico, social, pol\u00edtico e cultural da regi\u00e3o. O movimento tamb\u00e9m visa integrar a popula\u00e7\u00e3o da regi\u00e3o atrav\u00e9s do apoio a projetos que valorizem esses tr\u00eas estados.<\/p>\n<p style=\"text-align: justify;\">Estiverem presentes da bancada catarinense os senadores Paulo Bauer e Dal\u00edrio Beber (PSDB), os deputados federais Jorginho Mello (PR), coordenador do F\u00f3rum Parlamentar Catarinense, Esperidi\u00e3o Amin (PP), Carmen Zanotto (PPS), Celso Maldaner (MDB), Rog\u00e9rio Peninha (MDB), Jo\u00e3o Paulo Kleinubing (DEM), C\u00e9sar Souza (PSD), Marco Tebaldi (PSDB), Valdir Colatto (MDB), Ronaldo Benedet (MDB).<\/p>\n<p style=\"text-align: justify;\">Tamb\u00e9m prestigiaram o lan\u00e7amento o deputado federal Alex Canziani, presidente da Frente Parlamentar da M\u00eddia Regional, Paulo Tonet, presidente da ABERT e Andr\u00e9 Dias, diretor Institucional da Abratel.<\/p>\n<p style=\"text-align: justify;\">O Gsul \u00e9 composto pelas\u00a06\u00a0entidades:\u00a0SERT\/SC,\u00a0pres. Carlos Alberto Ross, Sindir\u00e1dio, pres. Ary dos Santos, SERT\/PR, pres. Ca\u00edque Agostini,\u00a0ACAERT, pres. Marcello Corr\u00eaa Petrelli,\u00a0AERP,\u00a0pres.\u00a0Alexandre Barros\u00a0e AGERT, pres. Roberto Cervo, o Mel\u00e3o.<\/p>\n<p style=\"text-align: justify;\">Ou\u00e7a\u00a0a entrevista do Presidente do SERT\/SC. Carlos Alberto Ross<\/p>\n<audio class=\"wp-audio-shortcode\" id=\"audio-7187-1\" preload=\"none\" style=\"width: 100%;\" controls=\"controls\"><source type=\"audio\/mpeg\" src=\"http:\/\/www.sertsc.org.br\/site\/wp-content\/uploads\/2018\/04\/Carlos-Alberto-Ross-SERTSC.mp3?_=1\" \/><a href=\"http:\/\/www.sertsc.org.br\/site\/wp-content\/uploads\/2018\/04\/Carlos-Alberto-Ross-SERTSC.mp3\">http:\/\/www.sertsc.org.br\/site\/wp-content\/uploads\/2018\/04\/Carlos-Alberto-Ross-SERTSC.mp3<\/a><\/audio>\n<p>&nbsp;<\/p>\n\n<p>Fonte: Sert\/SC<\/p>\n","protected":false},"excerpt":{"rendered":"<p>O GSul, composto pelos tr\u00eas sindicatos patronais (SERT\/SC, SINDIR\u00c1DIO e&hellip;<\/p>\n<p> <a class=\"more-link\" href=\"https:\/\/sertsc.org.br\/site\/com-apoio-do-sertsc-movimento-gsul-e-lancado-em-brasilia\/\">Leia mais<\/a><\/p>\n","protected":false},"author":1,"featured_media":7189,"comment_status":"closed","ping_status":"open","sticky":false,"template":"","format":"standard","meta":{"footnotes":""},"categories":[33],"tags":[],"class_list":{"0":"post-7187","1":"post","2":"type-post","3":"status-publish","4":"format-standard","5":"has-post-thumbnail","7":"category-destaques"},"_links":{"self":[{"href":"https:\/\/sertsc.org.br\/site\/wp-json\/wp\/v2\/posts\/7187","targetHints":{"allow":["GET"]}}],"collection":[{"href":"https:\/\/sertsc.org.br\/site\/wp-json\/wp\/v2\/posts"}],"about":[{"href":"https:\/\/sertsc.org.br\/site\/wp-json\/wp\/v2\/types\/post"}],"author":[{"embeddable":true,"href":"https:\/\/sertsc.org.br\/site\/wp-json\/wp\/v2\/users\/1"}],"replies":[{"embeddable":true,"href":"https:\/\/sertsc.org.br\/site\/wp-json\/wp\/v2\/comments?post=7187"}],"version-history":[{"count":0,"href":"https:\/\/sertsc.org.br\/site\/wp-json\/wp\/v2\/posts\/7187\/revisions"}],"wp:featuredmedia":[{"embeddable":true,"href":"https:\/\/sertsc.org.br\/site\/wp-json\/"}],"wp:attachment":[{"href":"https:\/\/sertsc.org.br\/site\/wp-json\/wp\/v2\/media?parent=7187"}],"wp:term":[{"taxonomy":"category","embeddable":true,"href":"https:\/\/sertsc.org.br\/site\/wp-json\/wp\/v2\/categories?post=7187"},{"taxonomy":"post_tag","embeddable":true,"href":"https:\/\/sertsc.org.br\/site\/wp-json\/wp\/v2\/tags?post=7187"}],"curies":[{"name":"wp","href":"https:\/\/api.w.org\/{rel}","templated":true}]}}