{"id":7180,"date":"2018-04-18T09:01:03","date_gmt":"2018-04-18T12:01:03","guid":{"rendered":"http:\/\/www.sertsc.org.br\/site\/?p=7180"},"modified":"2018-04-18T09:01:03","modified_gmt":"2018-04-18T12:01:03","slug":"mobilizacao-pela-comunicacao","status":"publish","type":"post","link":"https:\/\/sertsc.org.br\/site\/mobilizacao-pela-comunicacao\/","title":{"rendered":"Mobiliza\u00e7\u00e3o pela comunica\u00e7\u00e3o"},"content":{"rendered":"<figure id=\"attachment_7181\" aria-describedby=\"caption-attachment-7181\" style=\"width: 204px\" class=\"wp-caption alignleft\"><a href=\"http:\/\/www.sertsc.org.br\/site\/mobilizacao-pela-comunicacao\/marcello-petrelli\/\" rel=\"attachment wp-att-7181\"><img decoding=\"async\" class=\"wp-image-7181\" src=\"http:\/\/www.sertsc.org.br\/site\/wp-content\/uploads\/2018\/04\/Marcello-Petrelli.jpg\" alt=\"Marcello-Petrelli\" width=\"204\" height=\"193\" \/><\/a><figcaption id=\"caption-attachment-7181\" class=\"wp-caption-text\">Marcelo Corr\u00eaa Petrelli, Presidente Acaert.<\/figcaption><\/figure>\n<p style=\"text-align: justify;\">Todos n\u00f3s conhecemos a for\u00e7a de mobiliza\u00e7\u00e3o das nossas emissoras de r\u00e1dio e televis\u00e3o, pelo trabalho relevante que prestam \u00e0 sociedade catarinense. E quando atuam juntas, unidas, essa for\u00e7a se amplia. Ainda mais quando essa uni\u00e3o atravessa divisas e se transforma num movimento em prol de uma regi\u00e3o do pa\u00eds.<\/p>\n<p style=\"text-align: justify;\">\u00c9 o que pretendem as entidades representativas da radiodifus\u00e3o do Paran\u00e1, Santa Catarina e Rio Grande do Sul com o lan\u00e7amento do Gsul, um f\u00f3rum com o objetivo de destacar o potencial do Sul para o Brasil. Queremos que as demandas em comum dos tr\u00eas Estados sejam pautas permanentes do espa\u00e7o editorial dos nossos ve\u00edculos de comunica\u00e7\u00e3o.<\/p>\n<p style=\"text-align: justify;\">Nos organizamos para que as emissoras associadas de r\u00e1dio e televis\u00e3o enfatizem, por meio de cobertura jornal\u00edstica e de ouras a\u00e7\u00f5es, as boas caracter\u00edsticas da regi\u00e3o. Entendemos que \u00e9 nossa miss\u00e3o formar opini\u00e3o sobre tudo o que \u00e9 comum entre os tr\u00eas Estados e como podemos contribuir para o seu desenvolvimento em todas as \u00e1reas. Para isso o Gsul conta com o apoio de 921 emissoras de r\u00e1dio e TV, 278 delas em Santa Catarina.<\/p>\n<p style=\"text-align: justify;\">O lan\u00e7amento deste importante movimento ser\u00e1 hoje em Bras\u00edlia, com a participa\u00e7\u00e3o de senadores e deputados federais, que s\u00e3o outros atores fundamentais para que se consigam os objetivos desejados. Somadas, as tr\u00eas bancadas correspondem a apenas 17% da C\u00e2mara de Deputados e precisamos fortalecer essa atividade parlamentar.<\/p>\n<p style=\"text-align: justify;\">A Associa\u00e7\u00e3o Catarinense de Emissoras de R\u00e1dio e Televis\u00e3o (Acaert) e o Sindicato das Empresas de R\u00e1dio e Televis\u00e3o (Sert\/SC) representam Santa Catarina nessa iniciativa. \u00c9 nossa inten\u00e7\u00e3o contar tamb\u00e9m com as entidades empresariais e representativas catarinenses que j\u00e1 t\u00eam experi\u00eancia de uni\u00e3o entre os tr\u00eas Estados.<\/p>\n<p style=\"text-align: justify;\">N\u00e3o estamos \u201cpuxando brasa pra nossa sardinha\u201d. O que queremos, a verdade, por meio da nossa uni\u00e3o, \u00e9 o melhor para o Brasil e para o nosso povo. Somos capazes e podemos fazer tudo isso juntos.<\/p>\n<p style=\"text-align: justify;\">Fonte: Jornal Di\u00e1rio Catarinense, p. 4, quarta-feira, 18 de Abril de 2018.<\/p>\n","protected":false},"excerpt":{"rendered":"<p>Todos n\u00f3s conhecemos a for\u00e7a de mobiliza\u00e7\u00e3o das nossas emissoras&hellip;<\/p>\n<p> <a class=\"more-link\" href=\"https:\/\/sertsc.org.br\/site\/mobilizacao-pela-comunicacao\/\">Leia mais<\/a><\/p>\n","protected":false},"author":1,"featured_media":7181,"comment_status":"closed","ping_status":"open","sticky":false,"template":"","format":"standard","meta":{"footnotes":""},"categories":[36],"tags":[],"class_list":{"0":"post-7180","1":"post","2":"type-post","3":"status-publish","4":"format-standard","5":"has-post-thumbnail","7":"category-artigos"},"_links":{"self":[{"href":"https:\/\/sertsc.org.br\/site\/wp-json\/wp\/v2\/posts\/7180","targetHints":{"allow":["GET"]}}],"collection":[{"href":"https:\/\/sertsc.org.br\/site\/wp-json\/wp\/v2\/posts"}],"about":[{"href":"https:\/\/sertsc.org.br\/site\/wp-json\/wp\/v2\/types\/post"}],"author":[{"embeddable":true,"href":"https:\/\/sertsc.org.br\/site\/wp-json\/wp\/v2\/users\/1"}],"replies":[{"embeddable":true,"href":"https:\/\/sertsc.org.br\/site\/wp-json\/wp\/v2\/comments?post=7180"}],"version-history":[{"count":0,"href":"https:\/\/sertsc.org.br\/site\/wp-json\/wp\/v2\/posts\/7180\/revisions"}],"wp:featuredmedia":[{"embeddable":true,"href":"https:\/\/sertsc.org.br\/site\/wp-json\/"}],"wp:attachment":[{"href":"https:\/\/sertsc.org.br\/site\/wp-json\/wp\/v2\/media?parent=7180"}],"wp:term":[{"taxonomy":"category","embeddable":true,"href":"https:\/\/sertsc.org.br\/site\/wp-json\/wp\/v2\/categories?post=7180"},{"taxonomy":"post_tag","embeddable":true,"href":"https:\/\/sertsc.org.br\/site\/wp-json\/wp\/v2\/tags?post=7180"}],"curies":[{"name":"wp","href":"https:\/\/api.w.org\/{rel}","templated":true}]}}