{"id":7177,"date":"2018-04-18T08:28:50","date_gmt":"2018-04-18T11:28:50","guid":{"rendered":"http:\/\/www.sertsc.org.br\/site\/?p=7177"},"modified":"2018-04-18T08:28:50","modified_gmt":"2018-04-18T11:28:50","slug":"entidades-de-radiodifusao-de-sc-rs-e-pr-lancam-o-gsul-em-brasilia-nesta-quarta-feira","status":"publish","type":"post","link":"https:\/\/sertsc.org.br\/site\/entidades-de-radiodifusao-de-sc-rs-e-pr-lancam-o-gsul-em-brasilia-nesta-quarta-feira\/","title":{"rendered":"Entidades de radiodifus\u00e3o de SC, RS e PR lan\u00e7am o GSul em Bras\u00edlia nesta quarta-feira"},"content":{"rendered":"<p style=\"text-align: justify;\">O projeto busca apoiar iniciativas que promovam a valoriza\u00e7\u00e3o do potencial social, pol\u00edtico e econ\u00f4mico do Sul, al\u00e9m de temas que possibilitem um maior equil\u00edbrio na distribui\u00e7\u00e3o dos recursos federais<\/p>\n<p style=\"text-align: justify;\">Acaert (Associa\u00e7\u00e3o Catarinense de Emissoras de R\u00e1dio e Televis\u00e3o), Aerp (Associa\u00e7\u00e3o das Emissoras de Radiodifus\u00e3o do Paran\u00e1) e Agert (Associa\u00e7\u00e3o Ga\u00facha de Emissoras de R\u00e1dio e Televis\u00e3o) e os tr\u00eas Sindicatos das Empresas de R\u00e1dio e Televis\u00e3o da Regi\u00e3o lan\u00e7am o Gsul, nesta quarta-feira (18), \u00e0s 8h, no restaurante Senac, do Anexo IV da C\u00e2mara dos Deputados, em Bras\u00edlia. O GSul se prop\u00f5e em participar e apoiar todas as iniciativas que promovam a valoriza\u00e7\u00e3o do potencial social, pol\u00edtico e econ\u00f4mico do Sul, al\u00e9m de temas que possibilitem um maior equil\u00edbrio na distribui\u00e7\u00e3o dos recursos federais, como a rediscuss\u00e3o do Pacto Federativo. No lan\u00e7amento, as entidades reunir\u00e3o as bancadas dos tr\u00eas Estados.<\/p>\n<p style=\"text-align: justify;\">\u201cN\u00e3o se deve confundir a iniciativa com uma proposta bairrista ou separatista, pois n\u00e3o \u00e9 essa a inten\u00e7\u00e3o. O GSul \u00e9 um movimento que se prop\u00f5e, por meio dos meios de comunica\u00e7\u00e3o, a provocar a uni\u00e3o dos setores p\u00fablico e privado, parlamentares, entidades, institui\u00e7\u00f5es, empresas e as \u00e1reas social, no sentido de trabalhar as pautas comuns da regi\u00e3o Sul\u201d, disse Marcello Corr\u00eaa Petrelli, presidente da Acaert. \u201cE os ve\u00edculos de comunica\u00e7\u00e3o t\u00eam papel fundamental na forma\u00e7\u00e3o da opini\u00e3o sobre as demandas que s\u00e3o inerentes aos tr\u00eas Estados\u201d.<\/p>\n<p style=\"text-align: justify;\">Esta regi\u00e3o \u00e9 respons\u00e1vel por quase 17% do PIB brasileiro, que apresenta as menores taxas de desemprego, as maiores expectativas de vida (com Santa Catarina na lideran\u00e7a), al\u00e9m de os tr\u00eas Estados figurarem entres os cinco entes federativos com melhor IDH (\u00cdndice de Desenvolvimento Humano). Apesar da pot\u00eancia econ\u00f4mica e social, a representa\u00e7\u00e3o pol\u00edtica n\u00e3o corresponde \u00e0 import\u00e2ncia da regi\u00e3o Sul, que conta com apenas 77 deputados federais, o que representa 15% da C\u00e2mara.<\/p>\n<p style=\"text-align: justify;\">As seis entidades entendem que \u00e9 preciso ampliar a participa\u00e7\u00e3o da regi\u00e3o Sul no contexto nacional. Neste sentido, o GSul tem objetivos claros baseados na for\u00e7a de 921 emissoras de r\u00e1dio e televis\u00e3o \u2013 Santa Catarina, 278; Rio Grande do Sul, 333; e Paran\u00e1, 310.<\/p>\n<p style=\"text-align: justify;\">Fonte: Jornal Not\u00edcias do Dia.<\/p>\n","protected":false},"excerpt":{"rendered":"<p>O projeto busca apoiar iniciativas que promovam a valoriza\u00e7\u00e3o do&hellip;<\/p>\n<p> <a class=\"more-link\" href=\"https:\/\/sertsc.org.br\/site\/entidades-de-radiodifusao-de-sc-rs-e-pr-lancam-o-gsul-em-brasilia-nesta-quarta-feira\/\">Leia mais<\/a><\/p>\n","protected":false},"author":1,"featured_media":7127,"comment_status":"closed","ping_status":"open","sticky":false,"template":"","format":"standard","meta":{"footnotes":""},"categories":[3],"tags":[70,84,39,47,48],"class_list":{"0":"post-7177","1":"post","2":"type-post","3":"status-publish","4":"format-standard","5":"has-post-thumbnail","7":"category-noticias","8":"tag-emissoras-de-radio-e-tv","9":"tag-gsul","10":"tag-radiodifusao","11":"tag-sertsc","12":"tag-sindicato"},"_links":{"self":[{"href":"https:\/\/sertsc.org.br\/site\/wp-json\/wp\/v2\/posts\/7177","targetHints":{"allow":["GET"]}}],"collection":[{"href":"https:\/\/sertsc.org.br\/site\/wp-json\/wp\/v2\/posts"}],"about":[{"href":"https:\/\/sertsc.org.br\/site\/wp-json\/wp\/v2\/types\/post"}],"author":[{"embeddable":true,"href":"https:\/\/sertsc.org.br\/site\/wp-json\/wp\/v2\/users\/1"}],"replies":[{"embeddable":true,"href":"https:\/\/sertsc.org.br\/site\/wp-json\/wp\/v2\/comments?post=7177"}],"version-history":[{"count":0,"href":"https:\/\/sertsc.org.br\/site\/wp-json\/wp\/v2\/posts\/7177\/revisions"}],"wp:featuredmedia":[{"embeddable":true,"href":"https:\/\/sertsc.org.br\/site\/wp-json\/"}],"wp:attachment":[{"href":"https:\/\/sertsc.org.br\/site\/wp-json\/wp\/v2\/media?parent=7177"}],"wp:term":[{"taxonomy":"category","embeddable":true,"href":"https:\/\/sertsc.org.br\/site\/wp-json\/wp\/v2\/categories?post=7177"},{"taxonomy":"post_tag","embeddable":true,"href":"https:\/\/sertsc.org.br\/site\/wp-json\/wp\/v2\/tags?post=7177"}],"curies":[{"name":"wp","href":"https:\/\/api.w.org\/{rel}","templated":true}]}}