{"id":7173,"date":"2018-04-17T11:16:14","date_gmt":"2018-04-17T14:16:14","guid":{"rendered":"http:\/\/www.sertsc.org.br\/site\/?p=7173"},"modified":"2018-04-17T11:16:14","modified_gmt":"2018-04-17T14:16:14","slug":"emissoras-de-radiodifusao-da-regiao-sul-promovem-cafe-da-manha-nesta-quarta-feira-com-deputados","status":"publish","type":"post","link":"https:\/\/sertsc.org.br\/site\/emissoras-de-radiodifusao-da-regiao-sul-promovem-cafe-da-manha-nesta-quarta-feira-com-deputados\/","title":{"rendered":"Entidades de radiodifus\u00e3o da regi\u00e3o Sul promovem caf\u00e9 da manh\u00e3 nesta quarta-feira com deputados"},"content":{"rendered":"<p style=\"text-align: justify;\">Com o apoio da Frente Parlamentar da M\u00eddia Regional, os sindicatos e associa\u00e7\u00f5es das emissoras de R\u00e1dio e Televis\u00e3o da regi\u00e3o Sul se re\u00fanem para lan\u00e7ar o GSul. O grupo se prop\u00f5e a participar e apoiar iniciativas que promovam a valoriza\u00e7\u00e3o do potencial social, pol\u00edtico e econ\u00f4mico do Sul brasileiro.<\/p>\n<p style=\"text-align: justify;\">No lan\u00e7amento, as entidades reunir\u00e3o as bancadas dos tr\u00eas estados. A frente parlamentar \u00e9 coordenada pelo deputado Alex Canziani (PTB-PR).<\/p>\n<p style=\"text-align: justify;\">O GSul \u00e9 composto por 921 emissoras de radiodifus\u00e3o \u2013 278 de Santa Catarina, 333 do Rio Grande do Sul e 310 do Paran\u00e1.<\/p>\n<p style=\"text-align: justify;\">O caf\u00e9 da manh\u00e3 ser\u00e1 realizado \u00e0s 8 horas, no restaurante Senac, no Anexo IV da C\u00e2mara dos Deputados.<\/p>\n<p style=\"text-align: justify;\">Fonte: Ag\u00eancia C\u00e2mara Not\u00edcias<\/p>\n","protected":false},"excerpt":{"rendered":"<p>Com o apoio da Frente Parlamentar da M\u00eddia Regional, os&hellip;<\/p>\n<p> <a class=\"more-link\" href=\"https:\/\/sertsc.org.br\/site\/emissoras-de-radiodifusao-da-regiao-sul-promovem-cafe-da-manha-nesta-quarta-feira-com-deputados\/\">Leia mais<\/a><\/p>\n","protected":false},"author":1,"featured_media":7127,"comment_status":"closed","ping_status":"open","sticky":false,"template":"","format":"standard","meta":{"footnotes":""},"categories":[3],"tags":[],"class_list":{"0":"post-7173","1":"post","2":"type-post","3":"status-publish","4":"format-standard","5":"has-post-thumbnail","7":"category-noticias"},"_links":{"self":[{"href":"https:\/\/sertsc.org.br\/site\/wp-json\/wp\/v2\/posts\/7173","targetHints":{"allow":["GET"]}}],"collection":[{"href":"https:\/\/sertsc.org.br\/site\/wp-json\/wp\/v2\/posts"}],"about":[{"href":"https:\/\/sertsc.org.br\/site\/wp-json\/wp\/v2\/types\/post"}],"author":[{"embeddable":true,"href":"https:\/\/sertsc.org.br\/site\/wp-json\/wp\/v2\/users\/1"}],"replies":[{"embeddable":true,"href":"https:\/\/sertsc.org.br\/site\/wp-json\/wp\/v2\/comments?post=7173"}],"version-history":[{"count":0,"href":"https:\/\/sertsc.org.br\/site\/wp-json\/wp\/v2\/posts\/7173\/revisions"}],"wp:featuredmedia":[{"embeddable":true,"href":"https:\/\/sertsc.org.br\/site\/wp-json\/"}],"wp:attachment":[{"href":"https:\/\/sertsc.org.br\/site\/wp-json\/wp\/v2\/media?parent=7173"}],"wp:term":[{"taxonomy":"category","embeddable":true,"href":"https:\/\/sertsc.org.br\/site\/wp-json\/wp\/v2\/categories?post=7173"},{"taxonomy":"post_tag","embeddable":true,"href":"https:\/\/sertsc.org.br\/site\/wp-json\/wp\/v2\/tags?post=7173"}],"curies":[{"name":"wp","href":"https:\/\/api.w.org\/{rel}","templated":true}]}}