{"id":7011,"date":"2018-04-19T08:19:06","date_gmt":"2018-04-19T11:19:06","guid":{"rendered":"http:\/\/www.sertsc.org.br\/site\/?p=7011"},"modified":"2018-04-19T08:19:06","modified_gmt":"2018-04-19T11:19:06","slug":"inscricoes-para-o-premio-acaert-encerram-dia-20","status":"publish","type":"post","link":"https:\/\/sertsc.org.br\/site\/inscricoes-para-o-premio-acaert-encerram-dia-20\/","title":{"rendered":"Inscri\u00e7\u00f5es para o Pr\u00eamio ACAERT encerram nesta sexta-feira"},"content":{"rendered":"<p>Nesta\u00a0sexta-feira, 20, se encerra o prazo para as inscri\u00e7\u00f5es para a <strong>10\u00aa edi\u00e7\u00e3o do Pr\u00eamio ACAERT de R\u00e1dio e Televis\u00e3o<\/strong>, considerado um dos mais importantes do mercado de comunica\u00e7\u00e3o da Regi\u00e3o Sul do pa\u00eds.<\/p>\n<p>Confira as modalidades:<\/p>\n<p><strong>1 \u2013 Categoria\/ Profissionais de R\u00e1dio<\/strong><\/p>\n<p>&#8211; Melhor locutor apresentador<\/p>\n<p>&#8211; Melhor locutor noticiarista<\/p>\n<p>&#8211; Melhor Narrador Esportivo<\/p>\n<p>&#8211; Melhor Rep\u00f3rter Esportivo<\/p>\n<p>&#8211; Melhor Rep\u00f3rter<\/p>\n<p><strong>2 \u2013 Categoria\/ Profissionais de Televis\u00e3o<\/strong><\/p>\n<p>&#8211; Melhor apresentador de telejornalismo<\/p>\n<p>&#8211; Melhor apresentador de programa<\/p>\n<p>&#8211; Melhor Rep\u00f3rter<\/p>\n<p>&#8211; Melhor cinegrafista<\/p>\n<p>&#8211; Melhor S\u00e9rie<\/p>\n<p><strong>3 \u2013 Categoria\/ Ag\u00eancias de Publicidade<\/strong><\/p>\n<p><strong>Modalidade \u2013 R\u00c1DIO<\/strong><\/p>\n<p>&#8211; Melhor Jingle<\/p>\n<p>&#8211; Melhor Spot<\/p>\n<p>&#8211; Melhor Campanha<\/p>\n<p><strong>Modalidade \u2013 TELEVIS\u00c3O<\/strong><\/p>\n<p>&#8211; Melhor Comercial institucional<\/p>\n<p>&#8211; Melhor Comercial promocional\/varejo<\/p>\n<p>&#8211; Melhor Campanha<\/p>\n<p>A Ag\u00eancia de Publicidade com maior n\u00famero de pr\u00eamios nas modalidades R\u00e1dio e Televis\u00e3o receber\u00e1 o Trof\u00e9u Microfone de Ouro.<\/p>\n<p><strong>4 \u2013 Categoria\/ Acad\u00eamicos em comunica\u00e7\u00e3o<\/strong><\/p>\n<p>&#8211; Melhor comercial<\/p>\n<p>&#8211; Melhor spot\/jingle<\/p>\n<p>Destaque Especial \u2013 Escola\/Faculdade\/Universidade \u2013 Pr\u00eamio Trof\u00e9u ACAERT de M\u00e9rito Acad\u00eamico da Radiodifus\u00e3o Catarinense, para a institui\u00e7\u00e3o catarinense com o maior n\u00famero de trabalhos inscritos (maior produ\u00e7\u00e3o acad\u00eamica)<\/p>\n<p>Fa\u00e7a sua inscri\u00e7\u00e3o <a href=\"http:\/\/www.premioacaert.com.br\/\" target=\"_blank\" rel=\"noopener noreferrer\">aqui<\/a>.<\/p>\n<p>Fonte: com informa\u00e7\u00f5es ACAERT<\/p>\n<p>&nbsp;<\/p>\n","protected":false},"excerpt":{"rendered":"<p>Nesta\u00a0sexta-feira, 20, se encerra o prazo para as inscri\u00e7\u00f5es para&hellip;<\/p>\n<p> <a class=\"more-link\" href=\"https:\/\/sertsc.org.br\/site\/inscricoes-para-o-premio-acaert-encerram-dia-20\/\">Leia mais<\/a><\/p>\n","protected":false},"author":1,"featured_media":6872,"comment_status":"closed","ping_status":"open","sticky":false,"template":"","format":"standard","meta":{"footnotes":""},"categories":[3],"tags":[],"class_list":{"0":"post-7011","1":"post","2":"type-post","3":"status-publish","4":"format-standard","5":"has-post-thumbnail","7":"category-noticias"},"_links":{"self":[{"href":"https:\/\/sertsc.org.br\/site\/wp-json\/wp\/v2\/posts\/7011","targetHints":{"allow":["GET"]}}],"collection":[{"href":"https:\/\/sertsc.org.br\/site\/wp-json\/wp\/v2\/posts"}],"about":[{"href":"https:\/\/sertsc.org.br\/site\/wp-json\/wp\/v2\/types\/post"}],"author":[{"embeddable":true,"href":"https:\/\/sertsc.org.br\/site\/wp-json\/wp\/v2\/users\/1"}],"replies":[{"embeddable":true,"href":"https:\/\/sertsc.org.br\/site\/wp-json\/wp\/v2\/comments?post=7011"}],"version-history":[{"count":0,"href":"https:\/\/sertsc.org.br\/site\/wp-json\/wp\/v2\/posts\/7011\/revisions"}],"wp:featuredmedia":[{"embeddable":true,"href":"https:\/\/sertsc.org.br\/site\/wp-json\/"}],"wp:attachment":[{"href":"https:\/\/sertsc.org.br\/site\/wp-json\/wp\/v2\/media?parent=7011"}],"wp:term":[{"taxonomy":"category","embeddable":true,"href":"https:\/\/sertsc.org.br\/site\/wp-json\/wp\/v2\/categories?post=7011"},{"taxonomy":"post_tag","embeddable":true,"href":"https:\/\/sertsc.org.br\/site\/wp-json\/wp\/v2\/tags?post=7011"}],"curies":[{"name":"wp","href":"https:\/\/api.w.org\/{rel}","templated":true}]}}