{"id":6628,"date":"2018-02-02T09:07:50","date_gmt":"2018-02-02T11:07:50","guid":{"rendered":"http:\/\/www.sertsc.org.br\/site\/?p=6628"},"modified":"2018-02-02T09:07:50","modified_gmt":"2018-02-02T11:07:50","slug":"projeto-de-lei-preve-punicao-com-ate-3-anos-de-prisao-para-quem-divulgar-fake-news","status":"publish","type":"post","link":"https:\/\/sertsc.org.br\/site\/projeto-de-lei-preve-punicao-com-ate-3-anos-de-prisao-para-quem-divulgar-fake-news\/","title":{"rendered":"Projeto de Lei prev\u00ea puni\u00e7\u00e3o com at\u00e9 3 anos de pris\u00e3o para quem divulgar &#8216;fake news&#8217;"},"content":{"rendered":"<p style=\"text-align: justify;\">O senador\u00a0<strong>Ciro Nogueira<\/strong>\u00a0(PP-PI) apresentou um\u00a0<strong>Projeto de Lei do Senado 473\/2017<\/strong>\u00a0para punir quem divulgar not\u00edcias que souber serem falsas sobre assuntos relacionados a sa\u00fade, seguran\u00e7a p\u00fablica, economia nacional, processo eleitoral ou que afetem o interesse p\u00fablico.<\/p>\n<p style=\"text-align: justify;\">O projeto, que aguarda designa\u00e7\u00e3o de relator na Comiss\u00e3o de Constitui\u00e7\u00e3o, Justi\u00e7a e Cidadania (CCJ), estabelece pena de seis meses a dois anos de deten\u00e7\u00e3o, no caso da simples divulga\u00e7\u00e3o, e de um a tr\u00eas anos, caso a divulga\u00e7\u00e3o seja feita pela internet. A pena poder\u00e1 ser aumentada em at\u00e9 dois ter\u00e7os caso a pr\u00e1tica tenha o objetivo de obter algum tipo de vantagem.<\/p>\n<p style=\"text-align: justify;\">Segundo o senador, ao<em>\u00a0Info Money<\/em>, quando as not\u00edcias falsas t\u00eam como alvo pessoas espec\u00edficas, elas podem constituir crimes de cal\u00fania, inf\u00e2mia ou difama\u00e7\u00e3o, j\u00e1 previstos no C\u00f3digo Penal. Entretanto, quando o dano atinge o &#8220;direito difuso de a popula\u00e7\u00e3o receber not\u00edcias verdadeiras e n\u00e3o corrompidas&#8221;, \u00e9 um caso que ainda n\u00e3o est\u00e1 previsto nas leis. O objetivo do projeto \u00e9 justamente coibir esses casos.<\/p>\n<p style=\"text-align: justify;\">O projeto est\u00e1 em consulta p\u00fablica no site\u00a0<a href=\"https:\/\/www12.senado.leg.br\/ecidadania\/visualizacaomateria?id=131758\" target=\"_blank\" rel=\"noopener noreferrer\">https:\/\/www12.senado.leg.br\/ecidadania\/visualizacaomateria?id=131758<\/a><\/p>\n<p style=\"text-align: justify;\">Fonte: Acontecendo Aqui.<\/p>\n","protected":false},"excerpt":{"rendered":"<p>O senador\u00a0Ciro Nogueira\u00a0(PP-PI) apresentou um\u00a0Projeto de Lei do Senado 473\/2017\u00a0para&hellip;<\/p>\n<p> <a class=\"more-link\" href=\"https:\/\/sertsc.org.br\/site\/projeto-de-lei-preve-punicao-com-ate-3-anos-de-prisao-para-quem-divulgar-fake-news\/\">Leia mais<\/a><\/p>\n","protected":false},"author":1,"featured_media":6629,"comment_status":"closed","ping_status":"open","sticky":false,"template":"","format":"standard","meta":{"footnotes":""},"categories":[3],"tags":[67,50,70,65,51,62,43,52,63,66,64,71,53,54,46,60,47,56,61,58,69,59],"class_list":{"0":"post-6628","1":"post","2":"type-post","3":"status-publish","4":"format-standard","5":"has-post-thumbnail","7":"category-noticias","8":"tag-capacitacao","9":"tag-emissoras-de-radio","10":"tag-emissoras-de-radio-e-tv","11":"tag-emissoras-de-tv","12":"tag-encontro-regional","13":"tag-gestao","14":"tag-mctic","15":"tag-migracao-am-fm","16":"tag-planejamento-estrategico","17":"tag-radio-e-tv","18":"tag-redes-sociais","19":"tag-reforma-trabalhista","20":"tag-representante-patronal","21":"tag-santa-catarina","22":"tag-sc","23":"tag-seminarios","24":"tag-sertsc","25":"tag-sindicato-patronal","26":"tag-televisao","27":"tag-tv","28":"tag-tv-aberta","29":"tag-tv-digital"},"_links":{"self":[{"href":"https:\/\/sertsc.org.br\/site\/wp-json\/wp\/v2\/posts\/6628","targetHints":{"allow":["GET"]}}],"collection":[{"href":"https:\/\/sertsc.org.br\/site\/wp-json\/wp\/v2\/posts"}],"about":[{"href":"https:\/\/sertsc.org.br\/site\/wp-json\/wp\/v2\/types\/post"}],"author":[{"embeddable":true,"href":"https:\/\/sertsc.org.br\/site\/wp-json\/wp\/v2\/users\/1"}],"replies":[{"embeddable":true,"href":"https:\/\/sertsc.org.br\/site\/wp-json\/wp\/v2\/comments?post=6628"}],"version-history":[{"count":0,"href":"https:\/\/sertsc.org.br\/site\/wp-json\/wp\/v2\/posts\/6628\/revisions"}],"wp:featuredmedia":[{"embeddable":true,"href":"https:\/\/sertsc.org.br\/site\/wp-json\/"}],"wp:attachment":[{"href":"https:\/\/sertsc.org.br\/site\/wp-json\/wp\/v2\/media?parent=6628"}],"wp:term":[{"taxonomy":"category","embeddable":true,"href":"https:\/\/sertsc.org.br\/site\/wp-json\/wp\/v2\/categories?post=6628"},{"taxonomy":"post_tag","embeddable":true,"href":"https:\/\/sertsc.org.br\/site\/wp-json\/wp\/v2\/tags?post=6628"}],"curies":[{"name":"wp","href":"https:\/\/api.w.org\/{rel}","templated":true}]}}