{"id":6620,"date":"2018-02-01T14:55:26","date_gmt":"2018-02-01T16:55:26","guid":{"rendered":"http:\/\/www.sertsc.org.br\/site\/?p=6620"},"modified":"2018-02-01T14:55:26","modified_gmt":"2018-02-01T16:55:26","slug":"radio-cruz-de-malta-migra-para-o-fm","status":"publish","type":"post","link":"https:\/\/sertsc.org.br\/site\/radio-cruz-de-malta-migra-para-o-fm\/","title":{"rendered":"R\u00e1dio Cruz de Malta migra para o FM"},"content":{"rendered":"<p style=\"text-align: justify;\">Mais uma emissora filiada do SERT\/SC passa a operar em FM, dessa vez foi a R\u00e1dio Cruz de Malta, de Lauro M\u00fcller passando a atuar em nova frequ\u00eancia, 89,9 FM, a partir de hoje, 1\u00b0 de fevereiro.<\/p>\n<p style=\"text-align: justify;\">Para o presidente do Sindicato, Carlos Alberto Ross, o processo de migra\u00e7\u00e3o \u00e9 fundamental para a evolu\u00e7\u00e3o do meio r\u00e1dio, pois tr\u00e1s uma s\u00e9rie de benef\u00edcios, tanto para a emissora como para os ouvintes. \u00a0Estamos diante de um novo tempo.\u00a0 Um futuro promissor com a migra\u00e7\u00e3o das nossas r\u00e1dios AM para FM, que representar\u00e1 ganhos significativos na qualidade, alcance e evolu\u00e7\u00e3o das transmiss\u00f5es, possibilitando a sintonia cada vez maior. Al\u00e9m disso,\u00a0 em nosso Estado o n\u00famero de emissoras que est\u00e3o migrando \u00e9 bem expressivo, isso ajuda a mostrar a for\u00e7a da radiodifus\u00e3o catarinense.<\/p>\n<p style=\"text-align: justify;\">\u00c9 com satisfa\u00e7\u00e3o que o Sindicato das Empresas de R\u00e1dio e Televis\u00e3o do Estado de Santa Catarina \u2013 SERT\/SC parabeniza a dire\u00e7\u00e3o da r\u00e1dio, colaboradores e ouvintes por mais esta conquista.<\/p>\n<p style=\"text-align: justify;\"><a href=\"https:\/\/soundcloud.com\/radiocruzdemalta\/presidente-do-sert-projeta-bons-frutos-na-migracao-da-cruz-de-malta-uma-inovacao-em-toda-a-regiao\" target=\"_blank\" rel=\"noopener noreferrer\"><img fetchpriority=\"high\" decoding=\"async\" class=\"alignleft size-medium wp-image-6621\" src=\"http:\/\/www.sertsc.org.br\/site\/wp-content\/uploads\/2018\/02\/PRESIDENTE-DR-ROSS-297x300.jpg\" alt=\"PRESIDENTE DR ROSS\" width=\"297\" height=\"300\" \/>Ou\u00e7a<\/a> a entrevista do presidente Carlos Alberto Ross, concedida para a R\u00e1dio Cruz de Malta.<\/p>\n<p>Fonte: SERT\/SC.<\/p>\n","protected":false},"excerpt":{"rendered":"<p>Mais uma emissora filiada do SERT\/SC passa a operar em&hellip;<\/p>\n<p> <a class=\"more-link\" href=\"https:\/\/sertsc.org.br\/site\/radio-cruz-de-malta-migra-para-o-fm\/\">Leia mais<\/a><\/p>\n","protected":false},"author":1,"featured_media":6621,"comment_status":"closed","ping_status":"open","sticky":false,"template":"","format":"standard","meta":{"footnotes":""},"categories":[33,3],"tags":[67,50,70,65,51,62,43,52,63,66,64,71,53,54,46,60,47,56,61,58,69,59],"class_list":{"0":"post-6620","1":"post","2":"type-post","3":"status-publish","4":"format-standard","5":"has-post-thumbnail","7":"category-destaques","8":"category-noticias","9":"tag-capacitacao","10":"tag-emissoras-de-radio","11":"tag-emissoras-de-radio-e-tv","12":"tag-emissoras-de-tv","13":"tag-encontro-regional","14":"tag-gestao","15":"tag-mctic","16":"tag-migracao-am-fm","17":"tag-planejamento-estrategico","18":"tag-radio-e-tv","19":"tag-redes-sociais","20":"tag-reforma-trabalhista","21":"tag-representante-patronal","22":"tag-santa-catarina","23":"tag-sc","24":"tag-seminarios","25":"tag-sertsc","26":"tag-sindicato-patronal","27":"tag-televisao","28":"tag-tv","29":"tag-tv-aberta","30":"tag-tv-digital"},"_links":{"self":[{"href":"https:\/\/sertsc.org.br\/site\/wp-json\/wp\/v2\/posts\/6620","targetHints":{"allow":["GET"]}}],"collection":[{"href":"https:\/\/sertsc.org.br\/site\/wp-json\/wp\/v2\/posts"}],"about":[{"href":"https:\/\/sertsc.org.br\/site\/wp-json\/wp\/v2\/types\/post"}],"author":[{"embeddable":true,"href":"https:\/\/sertsc.org.br\/site\/wp-json\/wp\/v2\/users\/1"}],"replies":[{"embeddable":true,"href":"https:\/\/sertsc.org.br\/site\/wp-json\/wp\/v2\/comments?post=6620"}],"version-history":[{"count":0,"href":"https:\/\/sertsc.org.br\/site\/wp-json\/wp\/v2\/posts\/6620\/revisions"}],"wp:featuredmedia":[{"embeddable":true,"href":"https:\/\/sertsc.org.br\/site\/wp-json\/"}],"wp:attachment":[{"href":"https:\/\/sertsc.org.br\/site\/wp-json\/wp\/v2\/media?parent=6620"}],"wp:term":[{"taxonomy":"category","embeddable":true,"href":"https:\/\/sertsc.org.br\/site\/wp-json\/wp\/v2\/categories?post=6620"},{"taxonomy":"post_tag","embeddable":true,"href":"https:\/\/sertsc.org.br\/site\/wp-json\/wp\/v2\/tags?post=6620"}],"curies":[{"name":"wp","href":"https:\/\/api.w.org\/{rel}","templated":true}]}}