{"id":6617,"date":"2018-02-01T08:58:19","date_gmt":"2018-02-01T10:58:19","guid":{"rendered":"http:\/\/www.sertsc.org.br\/site\/?p=6617"},"modified":"2018-02-01T08:58:19","modified_gmt":"2018-02-01T10:58:19","slug":"desligamento-do-sinal-analogico-e-experiencia-de-sucesso-internacional-destaca-ministro","status":"publish","type":"post","link":"https:\/\/sertsc.org.br\/site\/desligamento-do-sinal-analogico-e-experiencia-de-sucesso-internacional-destaca-ministro\/","title":{"rendered":"Desligamento do sinal anal\u00f3gico \u00e9 experi\u00eancia de sucesso internacional, destaca Ministro"},"content":{"rendered":"<p style=\"text-align: justify;\">Para o ministro da Ci\u00eancia, Tecnologia, Inova\u00e7\u00f5es e Comunica\u00e7\u00f5es, Gilberto Kassab, o processo de desligamento do sinal anal\u00f3gico de TV no Brasil \u00e9 um case de sucesso internacional. O ministro assinou nesta\u00a0quarta-feira (31), em Bras\u00edlia, a portaria que confirma o desligamento do sinal anal\u00f3gico em seis agrupamentos de cidades em tr\u00eas regi\u00f5es do pa\u00eds. Com essa nova etapa da mudan\u00e7a do sistema de TV, j\u00e1 s\u00e3o 492 munic\u00edpios beneficiados com o sinal 100% digital, cobrindo uma popula\u00e7\u00e3o de 85 milh\u00f5es de pessoas.<\/p>\n<p style=\"text-align: justify;\">\u201cTemos muito a comemorar. Estamos mostrando ao mundo um case de sucesso. Com todo o processo em curso, n\u00e3o recebemos at\u00e9 o momento uma \u00fanica reclama\u00e7\u00e3o de um \u00fanico cidad\u00e3o. Isso \u00e9 muito positivo, mostra a efici\u00eancia dessa iniciativa. Quem ganha \u00e9 o brasileiro, que tem na televis\u00e3o seu maior instrumento de comunica\u00e7\u00e3o e entretenimento\u201d, destacou o ministro.<\/p>\n<p style=\"text-align: justify;\">A portaria define que o sinal anal\u00f3gico ser\u00e1 desligado em Curitiba e mais 26 cidades paranaenses a partir das 23h59 (hor\u00e1rio de Bras\u00edlia) desta quarta, j\u00e1 que a regi\u00e3o atingiu a cobertura de mais de 90% dos domic\u00edlios atendidos pelo sinal digital. Para os agrupamentos de Florian\u00f3polis e Porto Alegre, que totalizam 114 cidades e uma popula\u00e7\u00e3o de 6,7 milh\u00f5es de habitantes, o desligamento ser\u00e1 progressivo, sendo conclu\u00eddo em\u00a028 de fevereiro\u00a0e\u00a014 de mar\u00e7o, respectivamente.<\/p>\n<p style=\"text-align: justify;\">Na regi\u00e3o Sudeste, o desligamento tamb\u00e9m ser\u00e1 gradual no entorno de Ribeir\u00e3o Preto e Franca, cidades do interior de S\u00e3o Paulo. S\u00e3o 45 munic\u00edpios que ter\u00e3o o desligamento conclu\u00eddo em\u00a021 de fevereiro. Mais de 2,1 milh\u00f5es de habitantes ser\u00e3o cobertos em breve apenas pelo sinal digital.<\/p>\n<p style=\"text-align: justify;\">O documento assinado tamb\u00e9m define o desligamento na capital do Maranh\u00e3o e mais nove cidades para o dia\u00a028 de mar\u00e7o. Os munic\u00edpios atingiram o percentual necess\u00e1rio para autorizar o desligamento dois meses antes da data prevista. \u201cJ\u00e1 poder\u00edamos desligar S\u00e3o Lu\u00eds, mas est\u00e1 mantida a data do cronograma para o dia\u00a028 de mar\u00e7o. Vamos continuar a distribui\u00e7\u00e3o dos conversores digitais nesta regi\u00e3o, faltam ainda muitos kits a distribuir\u201d, disse o presidente da Anatel, Juarez Quadros.<\/p>\n<p style=\"text-align: justify;\">J\u00e1 o presidente da Associa\u00e7\u00e3o Brasileira de Emissoras de R\u00e1dio e Televis\u00e3o (Abert), Paulo Tonet, afirmou que a experi\u00eancia do desligamento tem despertado o interesse de outros pa\u00edses. \u201cParticipamos de f\u00f3runs internacionais de radiodifus\u00e3o, e nossos engenheiros t\u00eam viajado a diversos eventos para explicar como conseguimos esse feito\u00a0 em um pa\u00eds com as dimens\u00f5es do Brasil. Nos agrupamentos em que desligamos o sinal n\u00e3o h\u00e1 reclama\u00e7\u00f5es\u201d, ressaltou.<\/p>\n<p style=\"text-align: justify;\"><strong>Balan\u00e7o<\/strong><\/p>\n<p style=\"text-align: justify;\">Desde o in\u00edcio do processo, o sinal anal\u00f3gico j\u00e1 foi desligado em Rio Verde (GO); Bras\u00edlia e 9 cidades do entorno do Distrito Federal; S\u00e3o Paulo e 38 cidades do estado; Goi\u00e2nia e mais 28 munic\u00edpios de Goi\u00e1s; Recife e outras 13 cidades de Pernambuco; Salvador e mais 19 cidades da Bahia; Fortaleza e outras 14 cidades do Cear\u00e1; Vit\u00f3ria e mais seis cidades do Esp\u00edrito Santo; A capital do Rio\u00a0de Janeiro\u00a0e 18 munic\u00edpios do entorno, al\u00e9m de Belo Horizonte e outras 38 cidades de Minas Gerais. O fim das transmiss\u00f5es anal\u00f3gicas no interior de S\u00e3o Paulo ocorre de forma progressiva e j\u00e1 abrange 157 cidades das regi\u00f5es de Santos, Campinas, Vale do Para\u00edba, Ribeir\u00e3o Preto e Franca.<\/p>\n<p style=\"text-align: justify;\">\n<p style=\"text-align: justify;\">Fonte: MCTIC.<\/p>\n","protected":false},"excerpt":{"rendered":"<p>Para o ministro da Ci\u00eancia, Tecnologia, Inova\u00e7\u00f5es e Comunica\u00e7\u00f5es, Gilberto&hellip;<\/p>\n<p> <a class=\"more-link\" href=\"https:\/\/sertsc.org.br\/site\/desligamento-do-sinal-analogico-e-experiencia-de-sucesso-internacional-destaca-ministro\/\">Leia mais<\/a><\/p>\n","protected":false},"author":1,"featured_media":6618,"comment_status":"closed","ping_status":"open","sticky":false,"template":"","format":"standard","meta":{"footnotes":""},"categories":[3],"tags":[67,50,70,65,51,62,43,52,63,66,64,71,53,54,46,60,47,56,61,58,69,59],"class_list":{"0":"post-6617","1":"post","2":"type-post","3":"status-publish","4":"format-standard","5":"has-post-thumbnail","7":"category-noticias","8":"tag-capacitacao","9":"tag-emissoras-de-radio","10":"tag-emissoras-de-radio-e-tv","11":"tag-emissoras-de-tv","12":"tag-encontro-regional","13":"tag-gestao","14":"tag-mctic","15":"tag-migracao-am-fm","16":"tag-planejamento-estrategico","17":"tag-radio-e-tv","18":"tag-redes-sociais","19":"tag-reforma-trabalhista","20":"tag-representante-patronal","21":"tag-santa-catarina","22":"tag-sc","23":"tag-seminarios","24":"tag-sertsc","25":"tag-sindicato-patronal","26":"tag-televisao","27":"tag-tv","28":"tag-tv-aberta","29":"tag-tv-digital"},"_links":{"self":[{"href":"https:\/\/sertsc.org.br\/site\/wp-json\/wp\/v2\/posts\/6617","targetHints":{"allow":["GET"]}}],"collection":[{"href":"https:\/\/sertsc.org.br\/site\/wp-json\/wp\/v2\/posts"}],"about":[{"href":"https:\/\/sertsc.org.br\/site\/wp-json\/wp\/v2\/types\/post"}],"author":[{"embeddable":true,"href":"https:\/\/sertsc.org.br\/site\/wp-json\/wp\/v2\/users\/1"}],"replies":[{"embeddable":true,"href":"https:\/\/sertsc.org.br\/site\/wp-json\/wp\/v2\/comments?post=6617"}],"version-history":[{"count":0,"href":"https:\/\/sertsc.org.br\/site\/wp-json\/wp\/v2\/posts\/6617\/revisions"}],"wp:featuredmedia":[{"embeddable":true,"href":"https:\/\/sertsc.org.br\/site\/wp-json\/"}],"wp:attachment":[{"href":"https:\/\/sertsc.org.br\/site\/wp-json\/wp\/v2\/media?parent=6617"}],"wp:term":[{"taxonomy":"category","embeddable":true,"href":"https:\/\/sertsc.org.br\/site\/wp-json\/wp\/v2\/categories?post=6617"},{"taxonomy":"post_tag","embeddable":true,"href":"https:\/\/sertsc.org.br\/site\/wp-json\/wp\/v2\/tags?post=6617"}],"curies":[{"name":"wp","href":"https:\/\/api.w.org\/{rel}","templated":true}]}}