{"id":6606,"date":"2018-01-31T15:57:29","date_gmt":"2018-01-31T17:57:29","guid":{"rendered":"http:\/\/www.sertsc.org.br\/site\/?p=6606"},"modified":"2018-01-31T15:57:29","modified_gmt":"2018-01-31T17:57:29","slug":"diretoria-da-aerp-toma-posse-para-o-bienio-2018-2020","status":"publish","type":"post","link":"https:\/\/sertsc.org.br\/site\/diretoria-da-aerp-toma-posse-para-o-bienio-2018-2020\/","title":{"rendered":"Diretoria da AERP toma posse para o bi\u00eanio 2018-2020"},"content":{"rendered":"<figure id=\"attachment_6608\" aria-describedby=\"caption-attachment-6608\" style=\"width: 300px\" class=\"wp-caption alignleft\"><img fetchpriority=\"high\" decoding=\"async\" class=\"size-medium wp-image-6608\" src=\"http:\/\/www.sertsc.org.br\/site\/wp-content\/uploads\/2018\/01\/26133850688_990ae0eab3_o-300x200.jpg\" alt=\"Srs. Marcello Petrelli (ACAERT), Roberto Cervo Mel\u00e3o (AGERT), Alexandre Barros (AERP), Carlos Alberto Ross (SERT\/SC), Caique Agustini (SERT\/PR) - Foto: ACAERT\" width=\"300\" height=\"200\" \/><figcaption id=\"caption-attachment-6608\" class=\"wp-caption-text\">Srs. Marcello Petrelli (ACAERT), Roberto Cervo Mel\u00e3o (AGERT), Alexandre Barros (AERP), Carlos Alberto Ross (SERT\/SC), Caique Agustini (SERT\/PR) &#8211; Foto: ACAERT<\/figcaption><\/figure>\n<p>Foi realizada em Curitiba nesta quarta-feira (31), a solenidade de posse da nova diretoria e conselho fiscal da <strong>Associa\u00e7\u00e3o das Emissoras de Radiodifus\u00e3o do Paran\u00e1<\/strong> (AERP) que assumem a gest\u00e3o da entidade pelos pr\u00f3ximos dois anos.<\/p>\n<p style=\"text-align: justify;\">Prestigiaram\u00a0o evento, o presidente do Sindicato das Empresas de R\u00e1dio e Televis\u00e3o do Estado de Santa Catarina &#8211; SERT\/SC, Carlos Alberto Ross, o presidente da Acaert, Marcello Petrelli, a vice-presidente da ABERT, Marise Westphal Hartke, e o ex-presidente do SERT\/SC e ACAERT, Rubens Olbrisch.<\/p>\n<p style=\"text-align: justify;\">Alexandre Barros foi reconduzido ao cargo de presidente, destacando como prioridade o di\u00e1logo com os radiodifusores. \u201cVamos focar a pr\u00f3xima gest\u00e3o em ouvir o radiodifusor para melhorar as ferramentas de atendimento aos nossos associados\u201d, afirmou.<\/p>\n<p style=\"text-align: justify;\">Barros lembrou as bandeiras defendidas pela AERP, como o projeto Radiophone \u2013 campanha que defende o r\u00e1dio livre e gratuito dispon\u00edvel nos aparelhos celulares, al\u00e9m do apoio que a entidade tem oferecido \u00e0s emissoras durante o processo de migra\u00e7\u00e3o do AM para o FM e as articula\u00e7\u00f5es em torno da digitaliza\u00e7\u00e3o das TVs em todo o Paran\u00e1.<\/p>\n<p style=\"text-align: justify;\">\u201cTamb\u00e9m vamos atuar com projetos novos que venham do radiodifusor e trabalharemos juntos com as associa\u00e7\u00f5es do Sul para criarmos um novo canal de di\u00e1logo do r\u00e1dio em n\u00edvel nacional, uma nova inst\u00e2ncia que possa auxiliar a ABERT (Associa\u00e7\u00e3o Brasileira de Emissoras de R\u00e1dio e Televis\u00e3o) na luta pelos interesses do setor\u201d, destacou.<\/p>\n<p style=\"text-align: justify;\">Confira os nomes dos novos membros da Diretoria e Conselho Fiscal da AERP para o bi\u00eanio 2018-2020:<\/p>\n<p style=\"text-align: justify;\"><strong>Presidente:\u00a0<\/strong>Alexandre Barros<\/p>\n<p style=\"text-align: justify;\"><strong>Vice-Presidente:\u00a0<\/strong>Michel\u00a0Micheleto<\/p>\n<p style=\"text-align: justify;\"><strong>Diretor Administrativo:\u00a0<\/strong>Luiz Benite<\/p>\n<p style=\"text-align: justify;\"><strong>Diretor Financeiro:<\/strong>\u00a0Rog\u00e9rio Afonso<\/p>\n<p style=\"text-align: justify;\"><strong>Diretor Comercial:<\/strong>\u00a0Cezar Telles<\/p>\n<p style=\"text-align: justify;\"><strong>Diretor Jur\u00eddico:<\/strong>\u00a0M\u00e1rcio Martins<\/p>\n<p style=\"text-align: justify;\"><strong>Diretor Institucional:<\/strong>\u00a0Il\u00eddio Coelho Sobrinho<\/p>\n<p style=\"text-align: justify;\"><strong>Diretor T\u00e9cnico:<\/strong>\u00a0Roberto Lang<\/p>\n<p style=\"text-align: justify;\"><strong>Diretor de Comunica\u00e7\u00e3o:<\/strong>\u00a0Caique Agustini<\/p>\n<p style=\"text-align: justify;\"><strong>Diretor de Televis\u00e3o:<\/strong>\u00a0Leonardo Petrelli<\/p>\n<p style=\"text-align: justify;\"><strong>Diretor Regional Capital-Litoral:<\/strong>\u00a0Mariano Lemanski<\/p>\n<p style=\"text-align: justify;\"><strong>Suplente:<\/strong>\u00a0Augusto S. Gon\u00e7alves Oliveira<\/p>\n<p style=\"text-align: justify;\"><strong>Diretor Regional Sudoeste:<\/strong>\u00a0Adir Seleski<\/p>\n<p style=\"text-align: justify;\"><strong>Suplente:<\/strong>\u00a0Giovanni Pagnocelli<\/p>\n<p style=\"text-align: justify;\"><strong>Diretor Regional Oeste:<\/strong>\u00a0Cristiano Krames<\/p>\n<p style=\"text-align: justify;\"><strong>Suplente:<\/strong>\u00a0Moacir Jos\u00e9 Hanzen<\/p>\n<p style=\"text-align: justify;\"><strong>Diretor Regional Centro Sul:<\/strong>\u00a0Ivaldir Perachi<\/p>\n<p style=\"text-align: justify;\"><strong>Suplente:<\/strong>\u00a0Melanie Lisboa Triches<\/p>\n<p style=\"text-align: justify;\"><strong>Diretor Regional Norte:<\/strong>\u00a0Jo\u00e3o Miguel Ign\u00e1cio<\/p>\n<p style=\"text-align: justify;\"><strong>Suplente:<\/strong>\u00a0Andr\u00e9 Faria<\/p>\n<p style=\"text-align: justify;\"><strong>Diretor Regional Noroeste:<\/strong>\u00a0Walber Souza Guimar\u00e3es Junior<\/p>\n<p style=\"text-align: justify;\"><strong>Suplente:<\/strong>\u00a0Clermont D\u00b4\u00c1vila Sobrinho<\/p>\n<p style=\"text-align: justify;\"><strong>Conselho Fiscal:<\/strong><\/p>\n<p style=\"text-align: justify;\">Fl\u00e1vio Guellere Junior, Alexandre Marques Guimar\u00e3es, Jo\u00e3o Garcia, Renato Silva, Eloi Bonkoski e Helena Miyoko Miura da Costa.<\/p>\n<p style=\"text-align: justify;\">Fonte: AERP E SERT\/SC.<\/p>\n<p>&nbsp;<\/p>\n","protected":false},"excerpt":{"rendered":"<p>Foi realizada em Curitiba nesta quarta-feira (31), a solenidade de&hellip;<\/p>\n<p> <a class=\"more-link\" href=\"https:\/\/sertsc.org.br\/site\/diretoria-da-aerp-toma-posse-para-o-bienio-2018-2020\/\">Leia mais<\/a><\/p>\n","protected":false},"author":1,"featured_media":6607,"comment_status":"closed","ping_status":"open","sticky":false,"template":"","format":"quote","meta":{"footnotes":""},"categories":[3],"tags":[67,50,70,65,51,62,43,52,63,66,64,71,53,54,46,60,47,56,61,58,69,59],"class_list":{"0":"post-6606","1":"post","2":"type-post","3":"status-publish","4":"format-quote","5":"has-post-thumbnail","7":"category-noticias","8":"tag-capacitacao","9":"tag-emissoras-de-radio","10":"tag-emissoras-de-radio-e-tv","11":"tag-emissoras-de-tv","12":"tag-encontro-regional","13":"tag-gestao","14":"tag-mctic","15":"tag-migracao-am-fm","16":"tag-planejamento-estrategico","17":"tag-radio-e-tv","18":"tag-redes-sociais","19":"tag-reforma-trabalhista","20":"tag-representante-patronal","21":"tag-santa-catarina","22":"tag-sc","23":"tag-seminarios","24":"tag-sertsc","25":"tag-sindicato-patronal","26":"tag-televisao","27":"tag-tv","28":"tag-tv-aberta","29":"tag-tv-digital","30":"post_format-post-format-quote"},"_links":{"self":[{"href":"https:\/\/sertsc.org.br\/site\/wp-json\/wp\/v2\/posts\/6606","targetHints":{"allow":["GET"]}}],"collection":[{"href":"https:\/\/sertsc.org.br\/site\/wp-json\/wp\/v2\/posts"}],"about":[{"href":"https:\/\/sertsc.org.br\/site\/wp-json\/wp\/v2\/types\/post"}],"author":[{"embeddable":true,"href":"https:\/\/sertsc.org.br\/site\/wp-json\/wp\/v2\/users\/1"}],"replies":[{"embeddable":true,"href":"https:\/\/sertsc.org.br\/site\/wp-json\/wp\/v2\/comments?post=6606"}],"version-history":[{"count":0,"href":"https:\/\/sertsc.org.br\/site\/wp-json\/wp\/v2\/posts\/6606\/revisions"}],"wp:featuredmedia":[{"embeddable":true,"href":"https:\/\/sertsc.org.br\/site\/wp-json\/"}],"wp:attachment":[{"href":"https:\/\/sertsc.org.br\/site\/wp-json\/wp\/v2\/media?parent=6606"}],"wp:term":[{"taxonomy":"category","embeddable":true,"href":"https:\/\/sertsc.org.br\/site\/wp-json\/wp\/v2\/categories?post=6606"},{"taxonomy":"post_tag","embeddable":true,"href":"https:\/\/sertsc.org.br\/site\/wp-json\/wp\/v2\/tags?post=6606"}],"curies":[{"name":"wp","href":"https:\/\/api.w.org\/{rel}","templated":true}]}}