{"id":6603,"date":"2018-01-31T15:26:41","date_gmt":"2018-01-31T17:26:41","guid":{"rendered":"http:\/\/www.sertsc.org.br\/site\/?p=6603"},"modified":"2018-01-31T15:26:41","modified_gmt":"2018-01-31T17:26:41","slug":"migracao-am-fm-ja-conta-com-325-radios-ativas-no-espectro-fm-neste-inicio-de-2018","status":"publish","type":"post","link":"https:\/\/sertsc.org.br\/site\/migracao-am-fm-ja-conta-com-325-radios-ativas-no-espectro-fm-neste-inicio-de-2018\/","title":{"rendered":"Migra\u00e7\u00e3o AM-FM j\u00e1 conta com 325 r\u00e1dios ativas no espectro FM neste in\u00edcio de 2018"},"content":{"rendered":"<p style=\"text-align: justify;\">O Brasil chega a marca de 325 migrantes AMs mapeadas na faixa FM em diferentes regi\u00f5es do pa\u00eds, n\u00famero registrado pelos servi\u00e7os do\u00a0tudoradio.com\u00a0\u201cMapa da Atualiza\u00e7\u00e3o\u201d e \u201cGuia de R\u00e1dios &#8211; Dials FM\/AM\u201d. E o n\u00famero tem avan\u00e7ado, levando em considera\u00e7\u00e3o que na virada de 2017 para 2018 a marca era de 300 migrantes AM-FM mapeadas pelo portal. A \u00faltima esta\u00e7\u00e3o cadastrada pelo\u00a0tudoradio.com\u00a0na faixa FM foi uma esta\u00e7\u00e3o de Ouro Fino (Minas Gerais).<\/p>\n<p style=\"text-align: justify;\">Das 325 migrantes ativas na faixa FM, 44 est\u00e3o no Paran\u00e1, seguido de 42 emissoras em S\u00e3o Paulo, 37 em Minas Gerais e 32 em Santa Catarina. A tend\u00eancia \u00e9 de o n\u00famero de migrantes nesses estados aumente nos pr\u00f3ximos meses, principalmente ap\u00f3s a libera\u00e7\u00e3o da faixa estendida (prevista para o segundo semestre, ainda dependente do desligamento da TV anal\u00f3gica), algo que deve impactar mais o estado de S\u00e3o Paulo.<\/p>\n<p style=\"text-align: justify;\">Outro fator que poder\u00e1 incrementar os n\u00fameros da migra\u00e7\u00e3o AM-FM em 2018 \u00e9 o\u00a0novo decreto que abre uma segunda janela para que AMs que n\u00e3o solicitaram a mudan\u00e7a para o FM realizem o processo. A resolu\u00e7\u00e3o foi publicada no Di\u00e1rio Oficial da Uni\u00e3o nesta sexta-feira (26) e foi divulgada pelo\u00a0tudoradio.com.<\/p>\n<p style=\"text-align: justify;\">Tamb\u00e9m \u00e9 destaque o surgimento da primeira migrante AM-FM ativa em FM no estado de Alagoas, atrav\u00e9s do inicio das transmiss\u00f5es da R\u00e1dio Novo Nordeste FM 91.5\u00a0de Arapiraca (AL). A esta\u00e7\u00e3o tamb\u00e9m chama a aten\u00e7\u00e3o pelo seu porte: \u00e9 uma\u00a0classe E3 de opera\u00e7\u00e3o, ou seja, tem a capacidade de cobrir grande parte do territ\u00f3rio alagoano.<\/p>\n<p style=\"text-align: justify;\">A \u00faltima migrante AM-FM cadastrada pelo\u00a0Dials FM\/AM tudoradio.com\u00a0foi a R\u00e1dio Difusora FM 94.1 de Ouro Fino (MG), esta\u00e7\u00e3o que impacta dials em FM do sul de Minas Gerais e tamb\u00e9m de parte do Leste Paulista.<\/p>\n<p style=\"text-align: justify;\">O\u00a0Painel tudoradio.com\u00a0destacou e analisou neste s\u00e1bado (27) a evolu\u00e7\u00e3o da migra\u00e7\u00e3o AM-FM pelo Brasil, com o impacto causado pelo surgimento desses novos canais em FM nas mais diversas regi\u00f5es brasileiras:\u00a0clique aqui e assista via YouTube.<\/p>\n<p style=\"text-align: justify;\">Clique aqui e confira a lista completa de migrantes AM-FM mapeadas pelo tudoradio.com<\/p>\n<p style=\"text-align: justify;\">Toda essa movimenta\u00e7\u00e3o \u00e9 acompanhada diariamente pelo\u00a0Mapa da atualiza\u00e7\u00e3o do tudoradio.com (clique aqui e saiba mais).<\/p>\n<p style=\"text-align: justify;\">325 migrantes AM-FM?<\/p>\n<p style=\"text-align: justify;\">O n\u00famero \u00e9 relacionado ao levantamento feito pelo\u00a0tudoradio.com\u00a0nos\u00a0dials AM\/FM\u00a0no portal, ou seja, s\u00e3o 325 migrantes AM-FM que tem a sua cobertura em FM j\u00e1 mapeada pela equipe do portal (at\u00e9 o fechamento desta mat\u00e9ria).<\/p>\n<p style=\"text-align: justify;\">O\u00a0<a href=\"https:\/\/tudoradio.com\/conteudo\/ver\/45-o-radio-migracao-das-ams-levantamento-no-fm\"><strong>levantamento completo (inclusive o n\u00famero de migrantes por estado) pode ser acompanhado aqui<\/strong><\/a>. A atualiza\u00e7\u00e3o \u00e9 di\u00e1ria.<\/p>\n<p style=\"text-align: justify;\">Fonte: Tudo R\u00e1dio.<\/p>\n","protected":false},"excerpt":{"rendered":"<p>O Brasil chega a marca de 325 migrantes AMs mapeadas&hellip;<\/p>\n<p> <a class=\"more-link\" href=\"https:\/\/sertsc.org.br\/site\/migracao-am-fm-ja-conta-com-325-radios-ativas-no-espectro-fm-neste-inicio-de-2018\/\">Leia mais<\/a><\/p>\n","protected":false},"author":1,"featured_media":6604,"comment_status":"closed","ping_status":"open","sticky":false,"template":"","format":"standard","meta":{"footnotes":""},"categories":[3],"tags":[67,50,70,65,51,62,43,52,63,66,64,71,53,54,46,60,47,56,61,58,69,59],"class_list":{"0":"post-6603","1":"post","2":"type-post","3":"status-publish","4":"format-standard","5":"has-post-thumbnail","7":"category-noticias","8":"tag-capacitacao","9":"tag-emissoras-de-radio","10":"tag-emissoras-de-radio-e-tv","11":"tag-emissoras-de-tv","12":"tag-encontro-regional","13":"tag-gestao","14":"tag-mctic","15":"tag-migracao-am-fm","16":"tag-planejamento-estrategico","17":"tag-radio-e-tv","18":"tag-redes-sociais","19":"tag-reforma-trabalhista","20":"tag-representante-patronal","21":"tag-santa-catarina","22":"tag-sc","23":"tag-seminarios","24":"tag-sertsc","25":"tag-sindicato-patronal","26":"tag-televisao","27":"tag-tv","28":"tag-tv-aberta","29":"tag-tv-digital"},"_links":{"self":[{"href":"https:\/\/sertsc.org.br\/site\/wp-json\/wp\/v2\/posts\/6603","targetHints":{"allow":["GET"]}}],"collection":[{"href":"https:\/\/sertsc.org.br\/site\/wp-json\/wp\/v2\/posts"}],"about":[{"href":"https:\/\/sertsc.org.br\/site\/wp-json\/wp\/v2\/types\/post"}],"author":[{"embeddable":true,"href":"https:\/\/sertsc.org.br\/site\/wp-json\/wp\/v2\/users\/1"}],"replies":[{"embeddable":true,"href":"https:\/\/sertsc.org.br\/site\/wp-json\/wp\/v2\/comments?post=6603"}],"version-history":[{"count":0,"href":"https:\/\/sertsc.org.br\/site\/wp-json\/wp\/v2\/posts\/6603\/revisions"}],"wp:featuredmedia":[{"embeddable":true,"href":"https:\/\/sertsc.org.br\/site\/wp-json\/"}],"wp:attachment":[{"href":"https:\/\/sertsc.org.br\/site\/wp-json\/wp\/v2\/media?parent=6603"}],"wp:term":[{"taxonomy":"category","embeddable":true,"href":"https:\/\/sertsc.org.br\/site\/wp-json\/wp\/v2\/categories?post=6603"},{"taxonomy":"post_tag","embeddable":true,"href":"https:\/\/sertsc.org.br\/site\/wp-json\/wp\/v2\/tags?post=6603"}],"curies":[{"name":"wp","href":"https:\/\/api.w.org\/{rel}","templated":true}]}}