{"id":6600,"date":"2018-01-30T15:10:34","date_gmt":"2018-01-30T17:10:34","guid":{"rendered":"http:\/\/www.sertsc.org.br\/site\/?p=6600"},"modified":"2018-01-30T15:10:34","modified_gmt":"2018-01-30T17:10:34","slug":"migracao-amfm-preenchimento-de-formulario-e-obrigatorio","status":"publish","type":"post","link":"https:\/\/sertsc.org.br\/site\/migracao-amfm-preenchimento-de-formulario-e-obrigatorio\/","title":{"rendered":"Migra\u00e7\u00e3o AM\/FM: preenchimento de formul\u00e1rio \u00e9 obrigat\u00f3rio"},"content":{"rendered":"<div class=\"itemIntroText\">\n<p style=\"text-align: justify;\">As emissoras AM em ondas m\u00e9dias que t\u00eam interesse em migrar para a frequ\u00eancia FM e ainda n\u00e3o solicitaram essa mudan\u00e7a poder\u00e3o faz\u00ea-lo no prazo de 180 dias, conforme o novo Decreto n\u00ba 9.270\/18, publicado na \u00faltima sexta-feira (26).<\/p>\n<\/div>\n<div class=\"itemFullText\">\n<p style=\"text-align: justify;\">Para facilitar esse processo e padronizar os pedidos, o Minist\u00e9rio da Ci\u00eancia, Tecnologia, Inova\u00e7\u00f5es e Comunica\u00e7\u00f5es lan\u00e7ou um formul\u00e1rio padr\u00e3o, de uso obrigat\u00f3rio, para as emissoras preencherem e enviarem via SEI (Sistema Eletr\u00f4nico de Comunica\u00e7\u00f5es). (<a href=\"http:\/\/www.abert.org.br\/web\/images\/juridico\/Requerimento_Adaptacao_OM_FM.DOCX\">CLIQUE AQUI<\/a>)<\/p>\n<p style=\"text-align: justify;\">Qualquer d\u00favida, favor entrar em contato com o jur\u00eddico pelo e-mail:\u00a0<strong><span id=\"cloak2fdff128c4c902a25c2d9d8074deb21b\"><a href=\"mailto:juridico@abert.org.br\">juridico@abert.org.br<\/a><\/span><\/strong>\u00a0ou pelo telefone<strong>\u00a0(61) 2104-4600<\/strong>.<\/p>\n<p style=\"text-align: justify;\">Fonte: ABERT.<\/p>\n<\/div>\n","protected":false},"excerpt":{"rendered":"<p>As emissoras AM em ondas m\u00e9dias que t\u00eam interesse em&hellip;<\/p>\n<p> <a class=\"more-link\" href=\"https:\/\/sertsc.org.br\/site\/migracao-amfm-preenchimento-de-formulario-e-obrigatorio\/\">Leia mais<\/a><\/p>\n","protected":false},"author":1,"featured_media":6601,"comment_status":"closed","ping_status":"open","sticky":false,"template":"","format":"standard","meta":{"footnotes":""},"categories":[33,3],"tags":[67,50,70,65,51,62,43,52,63,66,64,71,53,54,46,60,47,56,61,58,69,59],"class_list":{"0":"post-6600","1":"post","2":"type-post","3":"status-publish","4":"format-standard","5":"has-post-thumbnail","7":"category-destaques","8":"category-noticias","9":"tag-capacitacao","10":"tag-emissoras-de-radio","11":"tag-emissoras-de-radio-e-tv","12":"tag-emissoras-de-tv","13":"tag-encontro-regional","14":"tag-gestao","15":"tag-mctic","16":"tag-migracao-am-fm","17":"tag-planejamento-estrategico","18":"tag-radio-e-tv","19":"tag-redes-sociais","20":"tag-reforma-trabalhista","21":"tag-representante-patronal","22":"tag-santa-catarina","23":"tag-sc","24":"tag-seminarios","25":"tag-sertsc","26":"tag-sindicato-patronal","27":"tag-televisao","28":"tag-tv","29":"tag-tv-aberta","30":"tag-tv-digital"},"_links":{"self":[{"href":"https:\/\/sertsc.org.br\/site\/wp-json\/wp\/v2\/posts\/6600","targetHints":{"allow":["GET"]}}],"collection":[{"href":"https:\/\/sertsc.org.br\/site\/wp-json\/wp\/v2\/posts"}],"about":[{"href":"https:\/\/sertsc.org.br\/site\/wp-json\/wp\/v2\/types\/post"}],"author":[{"embeddable":true,"href":"https:\/\/sertsc.org.br\/site\/wp-json\/wp\/v2\/users\/1"}],"replies":[{"embeddable":true,"href":"https:\/\/sertsc.org.br\/site\/wp-json\/wp\/v2\/comments?post=6600"}],"version-history":[{"count":0,"href":"https:\/\/sertsc.org.br\/site\/wp-json\/wp\/v2\/posts\/6600\/revisions"}],"wp:featuredmedia":[{"embeddable":true,"href":"https:\/\/sertsc.org.br\/site\/wp-json\/"}],"wp:attachment":[{"href":"https:\/\/sertsc.org.br\/site\/wp-json\/wp\/v2\/media?parent=6600"}],"wp:term":[{"taxonomy":"category","embeddable":true,"href":"https:\/\/sertsc.org.br\/site\/wp-json\/wp\/v2\/categories?post=6600"},{"taxonomy":"post_tag","embeddable":true,"href":"https:\/\/sertsc.org.br\/site\/wp-json\/wp\/v2\/tags?post=6600"}],"curies":[{"name":"wp","href":"https:\/\/api.w.org\/{rel}","templated":true}]}}