{"id":6597,"date":"2018-01-30T14:51:50","date_gmt":"2018-01-30T16:51:50","guid":{"rendered":"http:\/\/www.sertsc.org.br\/site\/?p=6597"},"modified":"2018-01-30T14:51:50","modified_gmt":"2018-01-30T16:51:50","slug":"desligamento-do-sinal-analogico-comeca-nesta-quarta-31-em-7-cidades-de-sc","status":"publish","type":"post","link":"https:\/\/sertsc.org.br\/site\/desligamento-do-sinal-analogico-comeca-nesta-quarta-31-em-7-cidades-de-sc\/","title":{"rendered":"Desligamento do sinal anal\u00f3gico come\u00e7a nesta quarta (31) em 7 cidades de SC"},"content":{"rendered":"<p class=\"content-head__subtitle\" style=\"text-align: justify;\"><strong>Quem ainda n\u00e3o tiver adaptado a TV ter\u00e1 at\u00e9 28 de fevereiro para fazer a convers\u00e3o.<\/strong><\/p>\n<div class=\"mc-column content-text active-extra-styles active-capital-letter\" style=\"text-align: justify;\" data-block-type=\"unstyled\" data-block-weight=\"51\" data-block-id=\"2\">\n<p class=\"content-text__container theme-color-primary-first-letter\" data-track-category=\"Link no Texto\" data-track-links=\"\">desligamento do sinal anal\u00f3gico para sete cidades de Santa Catarina vai at\u00e9 28 de fevereiro. A nova data foi definida em uma reuni\u00e3o nesta ter\u00e7a-feira (30) em Bras\u00edlia. A data anterior era 31 de janeiro. Assim, quem ainda n\u00e3o fez a mudan\u00e7a para a\u00a0NSC TV digital, tem mais tempo.<\/p>\n<\/div>\n<div class=\"mc-column content-text active-extra-styles \" style=\"text-align: justify;\" data-block-type=\"unstyled\" data-block-weight=\"29\" data-block-id=\"3\">\n<p class=\"content-text__container \" data-track-category=\"Link no Texto\" data-track-links=\"\">Os munic\u00edpios de\u00a0Florian\u00f3polis,\u00a0S\u00e3o Jos\u00e9,\u00a0Palho\u00e7a,\u00a0Paulo Lopes,\u00a0Ant\u00f4nio Carlos,\u00a0S\u00e3o Pedro de Alc\u00e2ntara\u00a0e\u00a0Palho\u00e7a\u00a0s\u00e3o os primeiros do estado a come\u00e7ar o desligamento do sinal anal\u00f3gico.<\/p>\n<\/div>\n<div class=\"mc-column content-text active-extra-styles \" style=\"text-align: justify;\" data-block-type=\"unstyled\" data-block-weight=\"28\" data-block-id=\"4\">\n<p class=\"content-text__container \" data-track-category=\"Link no Texto\" data-track-links=\"\">Se um A aparece no canto superior da tela de TV, ou existe algum aviso de que o sinal ir\u00e1 desligar, \u00e9 porque o sinal ainda \u00e9 anal\u00f3gico.<\/p>\n<\/div>\n<div class=\"mc-column content-text active-extra-styles \" style=\"text-align: justify;\" data-block-type=\"unstyled\" data-block-weight=\"31\" data-block-id=\"5\">\n<p class=\"content-text__container \" data-track-category=\"Link no Texto\" data-track-links=\"\">As regi\u00f5es de Blumenau, Jaragu\u00e1 do Sul e Joinville ser\u00e3o as pr\u00f3ximas a terem o sinal anal\u00f3gico desligado, em 5 de dezembro.\u00a0O desligamento em todo Brasil deve ocorrer at\u00e9 2023.<\/p>\n<\/div>\n<div class=\"mc-column content-text active-extra-styles\" style=\"text-align: justify;\" data-block-type=\"raw\" data-block-weight=\"3\" data-block-id=\"6\">\n<div class=\"content-intertitle\">\n<p><strong>Motivo do desligamento<\/strong><\/p>\n<\/div>\n<\/div>\n<div class=\"mc-column content-text active-extra-styles \" style=\"text-align: justify;\" data-block-type=\"unstyled\" data-block-weight=\"59\" data-block-id=\"7\">\n<p class=\"content-text__container \" data-track-category=\"Link no Texto\" data-track-links=\"\">O desligamento do sinal anal\u00f3gico de televis\u00e3o ocorre em raz\u00e3o da implanta\u00e7\u00e3o do sistema de TV digital no Brasil, determinado pelo decreto 5.820, de 19 de junho de 2006. Outro motivo \u00e9 a venda feita pelo governo federal de uma faixa de canais usada pelas TVs para empresas de telecomunica\u00e7\u00f5es, que servir\u00e1 para a amplia\u00e7\u00e3o do 4G no pa\u00eds.<\/p>\n<\/div>\n<div class=\"mc-column content-text active-extra-styles \" style=\"text-align: justify;\" data-block-type=\"unstyled\" data-block-weight=\"31\" data-block-id=\"8\">\n<p class=\"content-text__container \" data-track-category=\"Link no Texto\" data-track-links=\"\">Sendo assim, as emissoras devem desocupar esta faixa e migrar seus canais digitais e anal\u00f3gicos para outra. Diante disso, os canais anal\u00f3gicos dever\u00e3o ser desligados para comportar todos os canais digitais.<\/p>\n<\/div>\n<div data-track-category=\"fim do conteudo\" data-track-action=\"ultimo chunk conteudo\" data-track-noninteraction=\"false\" data-track-scroll=\"entrada completa viewport\">\n<div class=\"mc-column content-text active-extra-styles \" data-block-type=\"unstyled\" data-block-weight=\"35\" data-block-id=\"9\">\n<p class=\"content-text__container \" style=\"text-align: justify;\" data-track-category=\"Link no Texto\" data-track-links=\"\">O prazo foi estipulado pelo governo federal e pela Ag\u00eancia Nacional de Telecomunica\u00e7\u00f5es (Anatel) e est\u00e1 regulamentado pela portaria n\u00famero 3.493, de 26 de agosto de 2016, do Minist\u00e9rio da Ci\u00eancia, Tecnologia, Inova\u00e7\u00f5es e Comunica\u00e7\u00f5es.<\/p>\n<p class=\"content-text__container \" style=\"text-align: justify;\" data-track-category=\"Link no Texto\" data-track-links=\"\">Fonte: G1<\/p>\n<\/div>\n<\/div>\n","protected":false},"excerpt":{"rendered":"<p>Quem ainda n\u00e3o tiver adaptado a TV ter\u00e1 at\u00e9 28&hellip;<\/p>\n<p> <a class=\"more-link\" href=\"https:\/\/sertsc.org.br\/site\/desligamento-do-sinal-analogico-comeca-nesta-quarta-31-em-7-cidades-de-sc\/\">Leia mais<\/a><\/p>\n","protected":false},"author":1,"featured_media":6598,"comment_status":"closed","ping_status":"open","sticky":false,"template":"","format":"standard","meta":{"footnotes":""},"categories":[3],"tags":[67,50,70,65,51,62,43,52,63,66,64,71,53,54,46,60,47,56,61,58,69,59],"class_list":{"0":"post-6597","1":"post","2":"type-post","3":"status-publish","4":"format-standard","5":"has-post-thumbnail","7":"category-noticias","8":"tag-capacitacao","9":"tag-emissoras-de-radio","10":"tag-emissoras-de-radio-e-tv","11":"tag-emissoras-de-tv","12":"tag-encontro-regional","13":"tag-gestao","14":"tag-mctic","15":"tag-migracao-am-fm","16":"tag-planejamento-estrategico","17":"tag-radio-e-tv","18":"tag-redes-sociais","19":"tag-reforma-trabalhista","20":"tag-representante-patronal","21":"tag-santa-catarina","22":"tag-sc","23":"tag-seminarios","24":"tag-sertsc","25":"tag-sindicato-patronal","26":"tag-televisao","27":"tag-tv","28":"tag-tv-aberta","29":"tag-tv-digital"},"_links":{"self":[{"href":"https:\/\/sertsc.org.br\/site\/wp-json\/wp\/v2\/posts\/6597","targetHints":{"allow":["GET"]}}],"collection":[{"href":"https:\/\/sertsc.org.br\/site\/wp-json\/wp\/v2\/posts"}],"about":[{"href":"https:\/\/sertsc.org.br\/site\/wp-json\/wp\/v2\/types\/post"}],"author":[{"embeddable":true,"href":"https:\/\/sertsc.org.br\/site\/wp-json\/wp\/v2\/users\/1"}],"replies":[{"embeddable":true,"href":"https:\/\/sertsc.org.br\/site\/wp-json\/wp\/v2\/comments?post=6597"}],"version-history":[{"count":0,"href":"https:\/\/sertsc.org.br\/site\/wp-json\/wp\/v2\/posts\/6597\/revisions"}],"wp:featuredmedia":[{"embeddable":true,"href":"https:\/\/sertsc.org.br\/site\/wp-json\/"}],"wp:attachment":[{"href":"https:\/\/sertsc.org.br\/site\/wp-json\/wp\/v2\/media?parent=6597"}],"wp:term":[{"taxonomy":"category","embeddable":true,"href":"https:\/\/sertsc.org.br\/site\/wp-json\/wp\/v2\/categories?post=6597"},{"taxonomy":"post_tag","embeddable":true,"href":"https:\/\/sertsc.org.br\/site\/wp-json\/wp\/v2\/tags?post=6597"}],"curies":[{"name":"wp","href":"https:\/\/api.w.org\/{rel}","templated":true}]}}