{"id":6490,"date":"2018-01-12T11:14:14","date_gmt":"2018-01-12T13:14:14","guid":{"rendered":"http:\/\/www.sertsc.org.br\/site\/?p=6490"},"modified":"2018-01-12T11:14:14","modified_gmt":"2018-01-12T13:14:14","slug":"radios-e-tvs-mobilizadas-em-torno-da-cobertura-das-chuvas-em-sc","status":"publish","type":"post","link":"https:\/\/sertsc.org.br\/site\/radios-e-tvs-mobilizadas-em-torno-da-cobertura-das-chuvas-em-sc\/","title":{"rendered":"R\u00e1dios e TVs mobilizadas em torno da cobertura das chuvas em SC"},"content":{"rendered":"<p class=\"font-16\" style=\"text-align: justify;\">Destaque para os plant\u00f5es, mat\u00e9rias especiais e a interatividade com ouvintes e telespectadores<\/p>\n<p style=\"text-align: justify;\">A chuva hist\u00f3rica registrada na regi\u00e3o da Grande Florian\u00f3polis, e que prejudica pelo menos 20\u00a0munic\u00edpios de Santa Catarina, mobiliza as equipes de jornalismo de R\u00e1dios e TVs de todo o estado desde o in\u00edcio da semana. Durante toda esta\u00a0quinta-feira (11), ap\u00f3s o grande volume pluviom\u00e9trico da madrugada, as emissoras montaram plant\u00f5es e coberturas especiais para informar os moradores das regi\u00f5es atingidas pela enxurrada.<\/p>\n<p style=\"text-align: justify;\">Destaque para cobertura com informa\u00e7\u00f5es de utilidade p\u00fablica, entrevistas com especialistas da Defesa Civil, meteorologistas da Epagri\/CIRAM e equipes de salvamento, como o Corpo de Bombeiros e a Pol\u00edcia Militar. Mesmo com a chuva concentrada na regi\u00e3o litor\u00e2nea, a grande presen\u00e7a de turistas de todo o estado para a temporada de ver\u00e3o ampliou a cobertura para todas regi\u00f5es catarinenses.<\/p>\n<p style=\"text-align: justify;\">Coube as emissoras de r\u00e1dio repassar orienta\u00e7\u00f5es para a popula\u00e7\u00e3o em tempo real sobre rodovias obstru\u00eddas, \u00e1reas alagadas, reparos no sistema el\u00e9trico e servi\u00e7os de resgate e salvamento.<\/p>\n<p style=\"text-align: justify;\">J\u00e1 pelas emissoras de TV, o catarinense p\u00f4de acompanhar a dimens\u00e3o das chuvas. As principais redes deslocaram equipes para as \u00e1reas mais atingidas, com entradas \u201cao vivo\u201d, entrevistas com autoridades e moradores. \u00a0Grandes reportagens foram ao ar nos principais telejornais.<\/p>\n<p style=\"text-align: justify;\">Autoridades como o Governador Raimundo Colombo, o vice-governador Eduardo Pinho Moreira, o prefeito de Florian\u00f3polis Gean Loureiro e o secret\u00e1rio de Estado da Defesa Civil, Rodrigo Maratelli realizaram reuni\u00f5es para anunciar medidas emergenciais.<\/p>\n<p style=\"text-align: justify;\"><strong>P\u00fablico Interativo: \u00e1udios, v\u00eddeos e fotos<\/strong><\/p>\n<p style=\"text-align: justify;\">Outro destaque positivo da cobertura aconteceu com a intera\u00e7\u00e3o do p\u00fablico com as emissoras, que enviou \u00e1udios, v\u00eddeos e fotos das mais diversas regi\u00f5es. A interatividade com o p\u00fablico provou como as R\u00e1dios e TVs est\u00e3o atentas aos novos canais de informa\u00e7\u00e3o, ampliando a cobertura com uma linguagem mais din\u00e2mica e convergente.<\/p>\n<p style=\"text-align: justify;\">Al\u00e9m da presta\u00e7\u00e3o de servi\u00e7os, muitas emissoras catarinenses est\u00e3o ajudando a combater a prolifera\u00e7\u00e3o de not\u00edcias falsas na internet, desmentindo imagens ou informa\u00e7\u00f5es divulgadas sem a confirma\u00e7\u00e3o de fontes oficiais ou a devida apura\u00e7\u00e3o dos fatos.<\/p>\n<p style=\"text-align: justify;\">\n<p class=\"font-11\" style=\"text-align: justify;\">Fonte: ACAERT<\/p>\n","protected":false},"excerpt":{"rendered":"<p>Destaque para os plant\u00f5es, mat\u00e9rias especiais e a interatividade com&hellip;<\/p>\n<p> <a class=\"more-link\" href=\"https:\/\/sertsc.org.br\/site\/radios-e-tvs-mobilizadas-em-torno-da-cobertura-das-chuvas-em-sc\/\">Leia mais<\/a><\/p>\n","protected":false},"author":1,"featured_media":6491,"comment_status":"closed","ping_status":"open","sticky":false,"template":"","format":"standard","meta":{"footnotes":""},"categories":[3],"tags":[67,50,70,65,51,62,43,52,63,66,64,71,53,54,46,60,47,56,61,58,69,59],"class_list":{"0":"post-6490","1":"post","2":"type-post","3":"status-publish","4":"format-standard","5":"has-post-thumbnail","7":"category-noticias","8":"tag-capacitacao","9":"tag-emissoras-de-radio","10":"tag-emissoras-de-radio-e-tv","11":"tag-emissoras-de-tv","12":"tag-encontro-regional","13":"tag-gestao","14":"tag-mctic","15":"tag-migracao-am-fm","16":"tag-planejamento-estrategico","17":"tag-radio-e-tv","18":"tag-redes-sociais","19":"tag-reforma-trabalhista","20":"tag-representante-patronal","21":"tag-santa-catarina","22":"tag-sc","23":"tag-seminarios","24":"tag-sertsc","25":"tag-sindicato-patronal","26":"tag-televisao","27":"tag-tv","28":"tag-tv-aberta","29":"tag-tv-digital"},"_links":{"self":[{"href":"https:\/\/sertsc.org.br\/site\/wp-json\/wp\/v2\/posts\/6490","targetHints":{"allow":["GET"]}}],"collection":[{"href":"https:\/\/sertsc.org.br\/site\/wp-json\/wp\/v2\/posts"}],"about":[{"href":"https:\/\/sertsc.org.br\/site\/wp-json\/wp\/v2\/types\/post"}],"author":[{"embeddable":true,"href":"https:\/\/sertsc.org.br\/site\/wp-json\/wp\/v2\/users\/1"}],"replies":[{"embeddable":true,"href":"https:\/\/sertsc.org.br\/site\/wp-json\/wp\/v2\/comments?post=6490"}],"version-history":[{"count":0,"href":"https:\/\/sertsc.org.br\/site\/wp-json\/wp\/v2\/posts\/6490\/revisions"}],"wp:featuredmedia":[{"embeddable":true,"href":"https:\/\/sertsc.org.br\/site\/wp-json\/"}],"wp:attachment":[{"href":"https:\/\/sertsc.org.br\/site\/wp-json\/wp\/v2\/media?parent=6490"}],"wp:term":[{"taxonomy":"category","embeddable":true,"href":"https:\/\/sertsc.org.br\/site\/wp-json\/wp\/v2\/categories?post=6490"},{"taxonomy":"post_tag","embeddable":true,"href":"https:\/\/sertsc.org.br\/site\/wp-json\/wp\/v2\/tags?post=6490"}],"curies":[{"name":"wp","href":"https:\/\/api.w.org\/{rel}","templated":true}]}}