{"id":6481,"date":"2018-01-11T14:32:52","date_gmt":"2018-01-11T16:32:52","guid":{"rendered":"http:\/\/www.sertsc.org.br\/site\/?p=6481"},"modified":"2018-01-11T14:32:52","modified_gmt":"2018-01-11T16:32:52","slug":"radiodifusores-se-reunem-para-dar-inicio-as-negociacoes-de-2018","status":"publish","type":"post","link":"https:\/\/sertsc.org.br\/site\/radiodifusores-se-reunem-para-dar-inicio-as-negociacoes-de-2018\/","title":{"rendered":"EDITAL DE CONVOCA\u00c7\u00c3O"},"content":{"rendered":"<p style=\"text-align: justify;\">O Presidente do Sindicato das Empresas de R\u00e1dio e Televis\u00e3o do Estado de Santa Catarina \u2013 SERT\/SC, no uso de suas atribui\u00e7\u00f5es regimentais do Estatuto Social, CONVOCA \u00e0s emissoras de R\u00e1dio e Televis\u00e3o do Estado de Santa Catarina, para comparecerem \u00e0 Assembleia Geral Extraordin\u00e1ria, a realizar-se na Rua Saldanha Marinho, 374 \u2013 sala 603 em Florian\u00f3polis\/ SC, no <strong><u>dia 19 de janeiro de 2018<\/u><\/strong>, ocorrendo a 1\u00aa CONVOCA\u00c7\u00c3O \u00e0s 10h30 e a 2\u00aa CONVOCA\u00c7\u00c3O \u00e0s 11h, sendo instalada em 1\u00aa CONVOCA\u00c7\u00c3O com a presen\u00e7a de no m\u00ednimo tr\u00eas quarto (3\/4) do total das emissoras existentes no estado j\u00e1 citado acima e em 2\u00aa CONVOCA\u00c7\u00c3O com qualquer n\u00famero de emissoras presentes para deliberarem sobre a seguinte:<\/p>\n<p><strong>\u00a0<\/strong><strong>ORDEM DO DIA:<\/strong><\/p>\n<ul>\n<li>An\u00e1lise da Pauta de Reivindica\u00e7\u00f5es 2018\/2019 do Sindicato dos Radialistas Profissionais e de Empregados em Empresas de Radiodifus\u00e3o e Televis\u00e3o do Estado de Santa Catarina;<\/li>\n<\/ul>\n<ul>\n<li>Designar a comiss\u00e3o de Negocia\u00e7\u00e3o;<\/li>\n<\/ul>\n<ul>\n<li>Deliberar sobre a Assembleia permanente e outros assuntos.<\/li>\n<\/ul>\n<p>&nbsp;<\/p>\n<p style=\"text-align: center;\">Florian\u00f3polis, 11 de janeiro de 2018.<\/p>\n<p style=\"text-align: center;\"><strong>Carlos Alberto Ross<\/strong><\/p>\n<p style=\"text-align: center;\"><strong>Presidente do SERT\/SC\u00a0 <\/strong><\/p>\n","protected":false},"excerpt":{"rendered":"<p>O Presidente do Sindicato das Empresas de R\u00e1dio e Televis\u00e3o&hellip;<\/p>\n<p> <a class=\"more-link\" href=\"https:\/\/sertsc.org.br\/site\/radiodifusores-se-reunem-para-dar-inicio-as-negociacoes-de-2018\/\">Leia mais<\/a><\/p>\n","protected":false},"author":1,"featured_media":6482,"comment_status":"closed","ping_status":"open","sticky":false,"template":"","format":"standard","meta":{"footnotes":""},"categories":[33],"tags":[67,50,70,65,51,62,43,52,63,66,64,71,53,54,46,60,47,56,61,58,69,59],"class_list":{"0":"post-6481","1":"post","2":"type-post","3":"status-publish","4":"format-standard","5":"has-post-thumbnail","7":"category-destaques","8":"tag-capacitacao","9":"tag-emissoras-de-radio","10":"tag-emissoras-de-radio-e-tv","11":"tag-emissoras-de-tv","12":"tag-encontro-regional","13":"tag-gestao","14":"tag-mctic","15":"tag-migracao-am-fm","16":"tag-planejamento-estrategico","17":"tag-radio-e-tv","18":"tag-redes-sociais","19":"tag-reforma-trabalhista","20":"tag-representante-patronal","21":"tag-santa-catarina","22":"tag-sc","23":"tag-seminarios","24":"tag-sertsc","25":"tag-sindicato-patronal","26":"tag-televisao","27":"tag-tv","28":"tag-tv-aberta","29":"tag-tv-digital"},"_links":{"self":[{"href":"https:\/\/sertsc.org.br\/site\/wp-json\/wp\/v2\/posts\/6481","targetHints":{"allow":["GET"]}}],"collection":[{"href":"https:\/\/sertsc.org.br\/site\/wp-json\/wp\/v2\/posts"}],"about":[{"href":"https:\/\/sertsc.org.br\/site\/wp-json\/wp\/v2\/types\/post"}],"author":[{"embeddable":true,"href":"https:\/\/sertsc.org.br\/site\/wp-json\/wp\/v2\/users\/1"}],"replies":[{"embeddable":true,"href":"https:\/\/sertsc.org.br\/site\/wp-json\/wp\/v2\/comments?post=6481"}],"version-history":[{"count":0,"href":"https:\/\/sertsc.org.br\/site\/wp-json\/wp\/v2\/posts\/6481\/revisions"}],"wp:featuredmedia":[{"embeddable":true,"href":"https:\/\/sertsc.org.br\/site\/wp-json\/"}],"wp:attachment":[{"href":"https:\/\/sertsc.org.br\/site\/wp-json\/wp\/v2\/media?parent=6481"}],"wp:term":[{"taxonomy":"category","embeddable":true,"href":"https:\/\/sertsc.org.br\/site\/wp-json\/wp\/v2\/categories?post=6481"},{"taxonomy":"post_tag","embeddable":true,"href":"https:\/\/sertsc.org.br\/site\/wp-json\/wp\/v2\/tags?post=6481"}],"curies":[{"name":"wp","href":"https:\/\/api.w.org\/{rel}","templated":true}]}}