{"id":6478,"date":"2018-01-11T08:38:49","date_gmt":"2018-01-11T10:38:49","guid":{"rendered":"http:\/\/www.sertsc.org.br\/site\/?p=6478"},"modified":"2018-01-11T08:38:49","modified_gmt":"2018-01-11T10:38:49","slug":"samsung-deve-iniciar-desbloqueio-de-chips-de-radio-fm-em-seus-futuros-smartphones","status":"publish","type":"post","link":"https:\/\/sertsc.org.br\/site\/samsung-deve-iniciar-desbloqueio-de-chips-de-radio-fm-em-seus-futuros-smartphones\/","title":{"rendered":"Samsung deve iniciar desbloqueio de chips de r\u00e1dio FM em seus futuros smartphones"},"content":{"rendered":"<p style=\"text-align: justify;\">A gigante coreana de tecnologia, Samsung, deve iniciar o desbloqueio do chip de FM em seus pr\u00f3ximos smartphones. A novidade foi compartilhada pela TagStation LLC, dona do aplicativo NextRadio, que revelou que a sul-coreana continuar\u00e1 dando suporte ao app atrav\u00e9s do desbloqueio do chip FM em seus futuros port\u00e1teis lan\u00e7ados no Canad\u00e1 e EUA, onde, segundo um levantamento da Nielsen, mais de dois ter\u00e7os da audi\u00eancia do R\u00e1dio est\u00e1 longe de casa, ou seja, mais pr\u00f3ximo do \u201cponto de compra\u2019 (o que fortalece o argumento comercial em favor do R\u00e1dio na hora de se apresentar ao mercado).<\/p>\n<p style=\"text-align: justify;\">Grande parte dos smartphones fabricados ao redor do mundo j\u00e1 contam com hardware que possibilita a recep\u00e7\u00e3o de sinais de r\u00e1dio FM, por\u00e9m, a maioria opta por bloque\u00e1-los. A a\u00e7\u00e3o da Samsung foi aplaudida por Paul Brenner, presidente da NextRadio, pois al\u00e9m de entregar uma op\u00e7\u00e3o extra na experi\u00eancia de uso, tamb\u00e9m abre portas para contornar situa\u00e7\u00f5es que podem amea\u00e7ar a vida de muitos como, por exemplo, desastres naturais e emerg\u00eancias.<\/p>\n<p style=\"text-align: justify;\">A Sammy, visando dar uma possibilidade extra a seus usu\u00e1rios, deu um passo \u00e0 frente com a iniciativa de liberar o uso desse chip, algo que permitir\u00e1 que diversas pessoas possam desfrutar do conte\u00fado transmitido por suas emissoras preferidas sem precisar gastar seu pacote de dados, e at\u00e9 mesmo economizando o uso de bateria. O sinal de r\u00e1dio FM tem um importante papel, vendo que em alguns casos, onde n\u00e3o haja sinal celular, ou quando as redes estiverem congestionadas, as esta\u00e7\u00f5es de r\u00e1dio oferecem um canal extra de comunica\u00e7\u00e3o.<\/p>\n<p style=\"text-align: justify;\">Ap\u00f3s o desastre natural ocorrido ano passado em Porto Rico e parte da Fl\u00f3rida, diversas fabricantes tem recebido pedidos de desbloqueio do chip FM, por quest\u00f5es de seguran\u00e7a p\u00fablica e necessidade, inclusive a Apple, que recebeu pedidos diretamente da FCC e tem sofrido grande press\u00e3o de entidades voltadas \u00e0 radiodifus\u00e3o, como a NAB. Al\u00e9m da Samsung, a Alcatel, LG e Motorola tamb\u00e9m se comprometeram a tornar funcionais os m\u00f3dulos de FM presentes em seus futuros smartphones.<\/p>\n<p style=\"text-align: justify;\"><strong>Ativa\u00e7\u00e3o do chip FM dever\u00e1 ser lei no Brasil<\/strong><\/p>\n<p style=\"text-align: justify;\">No Brasil, tramita o projeto de lei (PL n\u00ba 8438\/2017) que obriga as empresas fabricantes ou montadoras de celular a disponibilizar a recep\u00e7\u00e3o do r\u00e1dio FM. O r\u00e1dio FM no celular \u00e9 uma das prioridades da ABERT, que, em 2014, lan\u00e7ou a campanha \u201cSmart \u00e9 ter r\u00e1dio de gra\u00e7a no celular&#8221;, orientando o ouvinte a sempre escolher, na hora da compra, um aparelho celular que tenha o dispositivo de recep\u00e7\u00e3o de FM embutido.<\/p>\n<p style=\"text-align: justify;\">&#8220;Al\u00e9m da pluralidade que o r\u00e1dio proporciona, a aprova\u00e7\u00e3o desse projeto far\u00e1 com que todos possam ouvir a r\u00e1dio preferida de forma gratuita, sem ter que usar o pacote de dados do plano contratado pelo ouvinte\u201d, ressalta diretor geral da ABERT, Luis Roberto Antonik.<\/p>\n<p style=\"text-align: justify;\">\n<p style=\"text-align: justify;\">Fonte: Tudo R\u00e1dio.<\/p>\n","protected":false},"excerpt":{"rendered":"<p>A gigante coreana de tecnologia, Samsung, deve iniciar o desbloqueio&hellip;<\/p>\n<p> <a class=\"more-link\" href=\"https:\/\/sertsc.org.br\/site\/samsung-deve-iniciar-desbloqueio-de-chips-de-radio-fm-em-seus-futuros-smartphones\/\">Leia mais<\/a><\/p>\n","protected":false},"author":1,"featured_media":6479,"comment_status":"closed","ping_status":"open","sticky":false,"template":"","format":"standard","meta":{"footnotes":""},"categories":[3],"tags":[67,50,70,65,51,62,43,52,63,66,64,71,53,54,46,60,47,56,61,58,69,59],"class_list":{"0":"post-6478","1":"post","2":"type-post","3":"status-publish","4":"format-standard","5":"has-post-thumbnail","7":"category-noticias","8":"tag-capacitacao","9":"tag-emissoras-de-radio","10":"tag-emissoras-de-radio-e-tv","11":"tag-emissoras-de-tv","12":"tag-encontro-regional","13":"tag-gestao","14":"tag-mctic","15":"tag-migracao-am-fm","16":"tag-planejamento-estrategico","17":"tag-radio-e-tv","18":"tag-redes-sociais","19":"tag-reforma-trabalhista","20":"tag-representante-patronal","21":"tag-santa-catarina","22":"tag-sc","23":"tag-seminarios","24":"tag-sertsc","25":"tag-sindicato-patronal","26":"tag-televisao","27":"tag-tv","28":"tag-tv-aberta","29":"tag-tv-digital"},"_links":{"self":[{"href":"https:\/\/sertsc.org.br\/site\/wp-json\/wp\/v2\/posts\/6478","targetHints":{"allow":["GET"]}}],"collection":[{"href":"https:\/\/sertsc.org.br\/site\/wp-json\/wp\/v2\/posts"}],"about":[{"href":"https:\/\/sertsc.org.br\/site\/wp-json\/wp\/v2\/types\/post"}],"author":[{"embeddable":true,"href":"https:\/\/sertsc.org.br\/site\/wp-json\/wp\/v2\/users\/1"}],"replies":[{"embeddable":true,"href":"https:\/\/sertsc.org.br\/site\/wp-json\/wp\/v2\/comments?post=6478"}],"version-history":[{"count":0,"href":"https:\/\/sertsc.org.br\/site\/wp-json\/wp\/v2\/posts\/6478\/revisions"}],"wp:featuredmedia":[{"embeddable":true,"href":"https:\/\/sertsc.org.br\/site\/wp-json\/"}],"wp:attachment":[{"href":"https:\/\/sertsc.org.br\/site\/wp-json\/wp\/v2\/media?parent=6478"}],"wp:term":[{"taxonomy":"category","embeddable":true,"href":"https:\/\/sertsc.org.br\/site\/wp-json\/wp\/v2\/categories?post=6478"},{"taxonomy":"post_tag","embeddable":true,"href":"https:\/\/sertsc.org.br\/site\/wp-json\/wp\/v2\/tags?post=6478"}],"curies":[{"name":"wp","href":"https:\/\/api.w.org\/{rel}","templated":true}]}}