{"id":6474,"date":"2018-01-10T15:36:44","date_gmt":"2018-01-10T17:36:44","guid":{"rendered":"http:\/\/www.sertsc.org.br\/site\/?p=6474"},"modified":"2018-01-10T15:36:44","modified_gmt":"2018-01-10T17:36:44","slug":"congresso-da-abert-contara-com-presenca-do-presidente-michel-temer-em-sua-abertura","status":"publish","type":"post","link":"https:\/\/sertsc.org.br\/site\/congresso-da-abert-contara-com-presenca-do-presidente-michel-temer-em-sua-abertura\/","title":{"rendered":"Congresso da ABERT contar\u00e1 com a presen\u00e7a do presidente Michel Temer em sua abertura"},"content":{"rendered":"<p class=\"font-16\" style=\"text-align: justify;\">Evento voltado \u00e0 radiodifus\u00e3o ser\u00e1 realizado nos dias 21 e 22 de agosto<\/p>\n<p style=\"text-align: justify;\">A ABERT se prepara para realizar a 28\u00ba edi\u00e7\u00e3o do Congresso Brasileiro de Radiodifus\u00e3o, nos dias 21 e 22 de agosto, em Bras\u00edlia. Com o tema \u201cSomos r\u00e1dio e televis\u00e3o: informa\u00e7\u00e3o e entretenimento gratuitos com credibilidade. Somos Brasil!\u201d, o evento acontecer\u00e1 no Centro de Conven\u00e7\u00f5es Brasil 21 e ter\u00e1 a presen\u00e7a do presidente da Rep\u00fablica, Michel Temer, em sua abertura.<\/p>\n<p style=\"text-align: justify;\">Considerado principal evento voltado \u00e0 radiodifus\u00e3o, o 28\u00ba Congresso Brasileiro de Radiodifus\u00e3o reunir\u00e1 radiodifusores de todo o pa\u00eds para discutir os principais temas do setor de r\u00e1dio e TV. No dia 21, o congresso ter\u00e1 in\u00edcio \u00e0 noite, com uma cerim\u00f4nia de abertura que contar\u00e1 com a participa\u00e7\u00e3o do presidente Michel Temer, ministros de Estado e empres\u00e1rios do setor.<\/p>\n<p style=\"text-align: justify;\">No segundo dia, os participantes ter\u00e3o um dia inteiro com atividades como pain\u00e9is e palestras sobre os desafios de mercado impostos pela tecnologia, liberdade de express\u00e3o, r\u00e1dio e interatividade, al\u00e9m de assuntos regulat\u00f3rios e comerciais; e poder\u00e3o participar de oficinas sobre propaganda program\u00e1tica, sistema Mosaico da ANATEL, automa\u00e7\u00e3o, formas de aumentar a receita das emissoras, m\u00eddias sociais, entre outros temas.<\/p>\n<p style=\"text-align: justify;\">Os pain\u00e9is ter\u00e3o conte\u00fados de grande relev\u00e2ncia para a radiodifus\u00e3o, com nomes de profissionais do Brasil e do exterior. \u201cTemos uma expectativa bastante positiva para o nosso congresso. Queremos trazer cases de sucesso no exterior, e que as pessoas respons\u00e1veis por implement\u00e1-los venham contar suas experi\u00eancias. A troca de informa\u00e7\u00e3o que pretendemos trazer vai ser de grande crescimento para os profissionais do meio\u201d, afirma o diretor geral da ABERT, Luis Roberto Antonik. Segundo Antonik, o encontro deve reunir 1,2 mil radiodifusores do Brasil e do exterior.<\/p>\n<p style=\"text-align: justify;\">As inscri\u00e7\u00f5es ser\u00e3o abertas em janeiro. Fique de olho no site da ABERT (www.abert.org.br) ou nos informativos da ABERT para garantir a sua vaga.<\/p>\n<p class=\"font-11\" style=\"text-align: justify;\">Fonte: Tudo R\u00e1dio.<\/p>\n","protected":false},"excerpt":{"rendered":"<p>Evento voltado \u00e0 radiodifus\u00e3o ser\u00e1 realizado nos dias 21 e&hellip;<\/p>\n<p> <a class=\"more-link\" href=\"https:\/\/sertsc.org.br\/site\/congresso-da-abert-contara-com-presenca-do-presidente-michel-temer-em-sua-abertura\/\">Leia mais<\/a><\/p>\n","protected":false},"author":1,"featured_media":6475,"comment_status":"closed","ping_status":"open","sticky":false,"template":"","format":"standard","meta":{"footnotes":""},"categories":[3],"tags":[67,50,70,65,51,62,43,52,63,66,64,71,53,54,46,60,47,56,61,58,69,59],"class_list":{"0":"post-6474","1":"post","2":"type-post","3":"status-publish","4":"format-standard","5":"has-post-thumbnail","7":"category-noticias","8":"tag-capacitacao","9":"tag-emissoras-de-radio","10":"tag-emissoras-de-radio-e-tv","11":"tag-emissoras-de-tv","12":"tag-encontro-regional","13":"tag-gestao","14":"tag-mctic","15":"tag-migracao-am-fm","16":"tag-planejamento-estrategico","17":"tag-radio-e-tv","18":"tag-redes-sociais","19":"tag-reforma-trabalhista","20":"tag-representante-patronal","21":"tag-santa-catarina","22":"tag-sc","23":"tag-seminarios","24":"tag-sertsc","25":"tag-sindicato-patronal","26":"tag-televisao","27":"tag-tv","28":"tag-tv-aberta","29":"tag-tv-digital"},"_links":{"self":[{"href":"https:\/\/sertsc.org.br\/site\/wp-json\/wp\/v2\/posts\/6474","targetHints":{"allow":["GET"]}}],"collection":[{"href":"https:\/\/sertsc.org.br\/site\/wp-json\/wp\/v2\/posts"}],"about":[{"href":"https:\/\/sertsc.org.br\/site\/wp-json\/wp\/v2\/types\/post"}],"author":[{"embeddable":true,"href":"https:\/\/sertsc.org.br\/site\/wp-json\/wp\/v2\/users\/1"}],"replies":[{"embeddable":true,"href":"https:\/\/sertsc.org.br\/site\/wp-json\/wp\/v2\/comments?post=6474"}],"version-history":[{"count":0,"href":"https:\/\/sertsc.org.br\/site\/wp-json\/wp\/v2\/posts\/6474\/revisions"}],"wp:featuredmedia":[{"embeddable":true,"href":"https:\/\/sertsc.org.br\/site\/wp-json\/"}],"wp:attachment":[{"href":"https:\/\/sertsc.org.br\/site\/wp-json\/wp\/v2\/media?parent=6474"}],"wp:term":[{"taxonomy":"category","embeddable":true,"href":"https:\/\/sertsc.org.br\/site\/wp-json\/wp\/v2\/categories?post=6474"},{"taxonomy":"post_tag","embeddable":true,"href":"https:\/\/sertsc.org.br\/site\/wp-json\/wp\/v2\/tags?post=6474"}],"curies":[{"name":"wp","href":"https:\/\/api.w.org\/{rel}","templated":true}]}}