{"id":6468,"date":"2018-01-10T09:38:36","date_gmt":"2018-01-10T11:38:36","guid":{"rendered":"http:\/\/www.sertsc.org.br\/site\/?p=6468"},"modified":"2018-01-10T09:38:36","modified_gmt":"2018-01-10T11:38:36","slug":"artigo-que-ninguem-fique-sem-o-sinal-de-tv-digital","status":"publish","type":"post","link":"https:\/\/sertsc.org.br\/site\/artigo-que-ninguem-fique-sem-o-sinal-de-tv-digital\/","title":{"rendered":"ARTIGO: Que ningu\u00e9m fique sem o sinal de TV digital"},"content":{"rendered":"<p style=\"text-align: justify;\">O ano de 2017 se encerrou com o grande avan\u00e7o da Televis\u00e3o Digital Brasileira. \u00c9 o que se confere no balan\u00e7o do processo de desligamento da TV anal\u00f3gica at\u00e9 o fim do ano em tela. Com o remanejamento da faixa de 700 MHz, mais de 66 milh\u00f5es de telespectadores brasileiros j\u00e1 recebem som e imagem com alta fidelidade at\u00e9 506 canais de televis\u00e3o de forma aberta, gratuita e digital.<\/p>\n<p style=\"text-align: justify;\">Ao longo de 2016 e 2017, centenas de cidades passaram a utilizar somente transmiss\u00e3o de TV digital, em um processo tecnol\u00f3gico que, passou pelos estados de S\u00e3o Paulo, Goi\u00e1s, Pernambuco, Cear\u00e1, Bahia, Rio de Janeiro, Esp\u00edrito Santo e Minas Gerais; al\u00e9m do Distrito Federal e Entorno (em 2016) e, tamb\u00e9m, da cidade de Rio Verde\/GO, onde ocorreu o teste piloto do processo de desligamento da TV anal\u00f3gica.<\/p>\n<p style=\"text-align: justify;\">Com a migra\u00e7\u00e3o dos canais anal\u00f3gicos de TV, a faixa de 700 MHz, licitada em 2014 pela Anatel, vem sendo liberada para a explora\u00e7\u00e3o de banda larga m\u00f3vel de 4\u00aa gera\u00e7\u00e3o (4G) pelas quatro das cinco maiores empresas de telefonia celular. Em 3.500 cidades com a tecnologia 4G, adotando a faixa de 700 MHz, os usu\u00e1rios navegam com maior velocidade de conex\u00e3o e melhor cobertura. Essa faixa, aliada \u00e0 de 2,5 GHz (licitada em 2012), permite a presta\u00e7\u00e3o do servi\u00e7o em regi\u00f5es abertas e no interior de edif\u00edcios.<\/p>\n<p style=\"text-align: justify;\">A licita\u00e7\u00e3o da faixa de 700 MHz recolheu \u00e0 Uni\u00e3o R$ 5,4 bilh\u00f5es pagos pelas quatro operadoras. O edital disp\u00f4s que as vencedoras do leil\u00e3o constituiriam uma entidade sem fins lucrativos para operacionalizar a libera\u00e7\u00e3o da faixa, sendo respons\u00e1vel, entre outras obriga\u00e7\u00f5es, pelo custeio do remanejamento dos canais, distribui\u00e7\u00e3o de receptores de sinal digital \u00e0s fam\u00edlias inscritas em programas sociais do governo federal e pela mitiga\u00e7\u00e3o de eventuais interfer\u00eancias nos servi\u00e7os. Para isso, no Edital foi determinado que as operadoras aportassem R$ 3,6 bilh\u00f5es \u00e0 Entidade Administradora da Digitaliza\u00e7\u00e3o \u2013 EAD (que usa o nome fantasia \u201cSeja Digital\u201d).<\/p>\n<p style=\"text-align: justify;\">Todo o processo vem sendo conduzido pelo Grupo de Implanta\u00e7\u00e3o do Processo de Redistribui\u00e7\u00e3o e Digitaliza\u00e7\u00e3o de Canais de TV e RTV \u2013 Gired, presidido pela Anatel, com a participa\u00e7\u00e3o de outros representantes da Ag\u00eancia; Minist\u00e9rio da Ci\u00eancia, Tecnologia, Inova\u00e7\u00e3o e Comunica\u00e7\u00f5es; radiodifusores e das empresas de telecomunica\u00e7\u00f5es que venceram a licita\u00e7\u00e3o das radiofrequ\u00eancias.At\u00e9 o final do ano que se inicia, 1.346 cidades ter\u00e3o acesso ao sinal exclusivamente digital de televis\u00e3o e, at\u00e9 setembro de 2019, todas as cidades brasileiras estar\u00e3o aptas para a cobertura do celular com 4G em 700 MHz, usufruindo dos benef\u00edcios inovadores da tecnologia.<\/p>\n<p style=\"text-align: justify;\">O programa para libera\u00e7\u00e3o do espectro de 700 MHz acabou revelando outros vieses. O primeiro foi colocar o Pa\u00eds na vanguarda mundial desse tipo de procedimento. Autoridades de na\u00e7\u00f5es interessadas no tema t\u00eam visitado o Brasil para conhecer de perto o processo simult\u00e2neo de digitaliza\u00e7\u00e3o da transmiss\u00e3o da TV e a libera\u00e7\u00e3o da faixa de 700 MHz para o celular.<\/p>\n<p style=\"text-align: justify;\">O segundo vi\u00e9s foi o aquecimento da ind\u00fastria setorial. Para digitaliza\u00e7\u00e3o do sinal, as emissoras de TV investem adquirindo os equipamentos de transmiss\u00e3o. Parte da popula\u00e7\u00e3o compra televisores modernos ou kits (antenas e conversores) para recep\u00e7\u00e3o do sinal digital nos televisores antigos.<\/p>\n<p style=\"text-align: justify;\">E a \u201cSeja Digital\u201d adquire os 13 milh\u00f5es de kits previstos para distribu\u00ed-los gratuitamente \u00e0s fam\u00edlias inscritas nos programas sociais. As operadoras de celular investem nos equipamentos para a cobertura de banda larga de 4\u00aa gera\u00e7\u00e3o e os usu\u00e1rios trocam os seus celulares para acessar banda larga m\u00f3vel.<\/p>\n<p style=\"text-align: justify;\">O terceiro foi a oportunidade de trabalho para os antenistas (t\u00e9cnicos que instalam as antenas) e o est\u00edmulo \u00e0 reciclagem de materiais eletr\u00f4nicos descartados ap\u00f3s a transi\u00e7\u00e3o; provid\u00eancia essa antes existente em poucos pa\u00edses. No Brasil, a recupera\u00e7\u00e3o e a destina\u00e7\u00e3o correta de res\u00edduos tecnol\u00f3gicos passam a ser uma realidade.<\/p>\n<p style=\"text-align: justify;\">O quarto vi\u00e9s diz respeito \u00e0 melhora na qualidade da banda larga. At\u00e9 outubro\/2017, dos 241 milh\u00f5es de celulares no Brasil, 79% deles podiam acessar a banda larga por meio de smartphones (percentual em crescimento). Com o uso da faixa de 700 MHz, a qualidade percebida pelo usu\u00e1rio est\u00e1 sendo ampliada, uma vez que, para al\u00e9m das pr\u00f3prias caracter\u00edsticas dessa faixa (maior velocidade e melhor cobertura), diminui o fluxo de dados nas demais faixas em uso.<\/p>\n<p style=\"text-align: justify;\">O fim das transmiss\u00f5es anal\u00f3gicas de TV e a transi\u00e7\u00e3o para o modelo exclusivamente digital beneficiar\u00e1, tamb\u00e9m, o setor de r\u00e1dio. Com a libera\u00e7\u00e3o dos canais 5 e 6 de televis\u00e3o (o que ocorrer\u00e1 no \u00e2mbito do processo), surgir\u00e1 espa\u00e7o para mais canais da faixa atual de r\u00e1dio FM (88 MHz a 108 MHz) com o uso da faixa estendida (76 MHz a 88 MHz), mas ainda falta equacionar a solu\u00e7\u00e3o industrial para os receptores dom\u00e9sticos ou veiculares cujo \u201cdial\u201d n\u00e3o disp\u00f5e dessa faixa.<\/p>\n<p style=\"text-align: justify;\">Assim, o ano de 2017 (adeus ano velho) chegou ao seu final com a implanta\u00e7\u00e3o de uma pol\u00edtica setorial bem sucedida, que dever\u00e1 avan\u00e7ar em 2018 (feliz ano novo), quando o processo continuar\u00e1 em mais 1.040 cidades, incluindo as \u00e1reas metropolitanas de todas as capitais que ainda convivem com os dois sinais: Curitiba\/PR, Porto Alegre\/RS, Florian\u00f3polis\/SC, S\u00e3o Lu\u00eds\/MA, Macei\u00f3\/AL, Manaus\/AM, Bel\u00e9m\/PA, Jo\u00e3o Pessoa\/PB, Teresina\/PI, Natal\/RN, Aracaju\/SE, Rio Branco\/AC, Macap\u00e1\/AP, Campo Grande\/MS, Cuiab\u00e1\/MT, Porto Velho\/RO, Boa Vista\/RR e Palmas\/TO, e mais uma boa parte do interior do pa\u00eds, adicionando aos 66 milh\u00f5es de pessoas j\u00e1 atendidas, mais 55 milh\u00f5es de pessoas.<\/p>\n<p style=\"text-align: justify;\">O desligamento total da transmiss\u00e3o anal\u00f3gica em todo o Brasil acontecer\u00e1 at\u00e9 31 de dezembro de 2023 ou, dependendo da continuidade do sucesso do processo, at\u00e9 mesmo antes dessa data.<\/p>\n<p style=\"text-align: justify;\"><em>Por\u00a0Juarez Quadros do Nascimento, Presidente da Anatel e do Gired<\/em><br \/>\n(Publicado no portal Converg\u00eancia Digital)<\/p>\n","protected":false},"excerpt":{"rendered":"<p>O ano de 2017 se encerrou com o grande avan\u00e7o&hellip;<\/p>\n<p> <a class=\"more-link\" href=\"https:\/\/sertsc.org.br\/site\/artigo-que-ninguem-fique-sem-o-sinal-de-tv-digital\/\">Leia mais<\/a><\/p>\n","protected":false},"author":1,"featured_media":6469,"comment_status":"closed","ping_status":"open","sticky":false,"template":"","format":"standard","meta":{"footnotes":""},"categories":[36],"tags":[67,50,70,65,51,62,43,52,63,66,64,71,53,54,46,60,47,56,61,58,69,59],"class_list":{"0":"post-6468","1":"post","2":"type-post","3":"status-publish","4":"format-standard","5":"has-post-thumbnail","7":"category-artigos","8":"tag-capacitacao","9":"tag-emissoras-de-radio","10":"tag-emissoras-de-radio-e-tv","11":"tag-emissoras-de-tv","12":"tag-encontro-regional","13":"tag-gestao","14":"tag-mctic","15":"tag-migracao-am-fm","16":"tag-planejamento-estrategico","17":"tag-radio-e-tv","18":"tag-redes-sociais","19":"tag-reforma-trabalhista","20":"tag-representante-patronal","21":"tag-santa-catarina","22":"tag-sc","23":"tag-seminarios","24":"tag-sertsc","25":"tag-sindicato-patronal","26":"tag-televisao","27":"tag-tv","28":"tag-tv-aberta","29":"tag-tv-digital"},"_links":{"self":[{"href":"https:\/\/sertsc.org.br\/site\/wp-json\/wp\/v2\/posts\/6468","targetHints":{"allow":["GET"]}}],"collection":[{"href":"https:\/\/sertsc.org.br\/site\/wp-json\/wp\/v2\/posts"}],"about":[{"href":"https:\/\/sertsc.org.br\/site\/wp-json\/wp\/v2\/types\/post"}],"author":[{"embeddable":true,"href":"https:\/\/sertsc.org.br\/site\/wp-json\/wp\/v2\/users\/1"}],"replies":[{"embeddable":true,"href":"https:\/\/sertsc.org.br\/site\/wp-json\/wp\/v2\/comments?post=6468"}],"version-history":[{"count":0,"href":"https:\/\/sertsc.org.br\/site\/wp-json\/wp\/v2\/posts\/6468\/revisions"}],"wp:featuredmedia":[{"embeddable":true,"href":"https:\/\/sertsc.org.br\/site\/wp-json\/"}],"wp:attachment":[{"href":"https:\/\/sertsc.org.br\/site\/wp-json\/wp\/v2\/media?parent=6468"}],"wp:term":[{"taxonomy":"category","embeddable":true,"href":"https:\/\/sertsc.org.br\/site\/wp-json\/wp\/v2\/categories?post=6468"},{"taxonomy":"post_tag","embeddable":true,"href":"https:\/\/sertsc.org.br\/site\/wp-json\/wp\/v2\/tags?post=6468"}],"curies":[{"name":"wp","href":"https:\/\/api.w.org\/{rel}","templated":true}]}}