{"id":6464,"date":"2018-01-09T15:51:44","date_gmt":"2018-01-09T17:51:44","guid":{"rendered":"http:\/\/www.sertsc.org.br\/site\/?p=6464"},"modified":"2018-01-09T15:51:44","modified_gmt":"2018-01-09T17:51:44","slug":"extincao-da-propaganda-partidaria-gratuita-no-radio-e-televisao-e-novas-regras-para-propaganda-eleitoral-em-2018-saiba-o-que-mudou","status":"publish","type":"post","link":"https:\/\/sertsc.org.br\/site\/extincao-da-propaganda-partidaria-gratuita-no-radio-e-televisao-e-novas-regras-para-propaganda-eleitoral-em-2018-saiba-o-que-mudou\/","title":{"rendered":"Extin\u00e7\u00e3o da Propaganda Partid\u00e1ria Gratuita no R\u00e1dio e Televis\u00e3o e novas regras para Propaganda Eleitoral em 2018"},"content":{"rendered":"<p style=\"text-align: justify;\">A partir de 2018, as emissoras de r\u00e1dio e televis\u00e3o\u00a0<strong>n\u00e3o precisar\u00e3o mais veicular a propaganda partid\u00e1ria gratuita<\/strong>, que era utilizada pelos partidos pol\u00edticos para divulga\u00e7\u00e3o de seus ideais e programas nos per\u00edodos n\u00e3o eleitorais e que foi extinta pela Lei n\u00ba 13.487\/17. Esta foi considerada uma conquista importante para o setor ao assegurar a ouvintes e telespectadores o acesso \u00e0 programa\u00e7\u00e3o normal das emissoras.<\/p>\n<p style=\"text-align: justify;\">Tamb\u00e9m est\u00e3o vigentes as\u00a0<strong>novas regras para a propaganda eleitoral em 2018<\/strong>, trazidas pela Lei 13.488\/17, e que impactam diretamente no setor ao reduzirem o tempo que ser\u00e1 utilizado pelos partidos e coliga\u00e7\u00f5es durante o per\u00edodo eleitoral:<\/p>\n<p style=\"text-align: justify;\">&#8211; Redu\u00e7\u00e3o de 45 para 35 dias do per\u00edodo destinado \u00e0 propaganda eleitoral gratuita (31 de agosto a 4 de outubro).<\/p>\n<p style=\"text-align: justify;\">&#8211; Redu\u00e7\u00e3o do tempo dos blocos di\u00e1rios de 20 para 10 minutos para cada cargo em disputa (presidente e governador), durante o segundo turno. Os blocos dever\u00e3o ser exibidos \u00e0s 7h e \u00e0s 12h no r\u00e1dio e \u00e0s 13h e \u00e0s 20h30 na televis\u00e3o.<\/p>\n<p style=\"text-align: justify;\">&#8211; Redu\u00e7\u00e3o do tempo reservado para inser\u00e7\u00f5es (30 e 60 segundos) de 70 para 25 minutos para cada cargo em disputa (presidente e governador), durante o segundo turno.<\/p>\n<p style=\"text-align: justify;\">&#8211; Altera\u00e7\u00e3o do per\u00edodo de divulga\u00e7\u00e3o da propaganda eleitoral no 2\u00ba turno, com in\u00edcio na sexta-feira seguinte \u00e0 realiza\u00e7\u00e3o do 1\u00ba turno da elei\u00e7\u00e3o e t\u00e9rmino na antev\u00e9spera da elei\u00e7\u00e3o do 2\u00ba turno. Antes, ela devia iniciar 48 horas depois de proclamado o resultado do primeiro turno.<\/p>\n<p style=\"text-align: justify;\"><strong>Essas regras ainda ser\u00e3o detalhadas por resolu\u00e7\u00f5es do TSE, a serem editadas mais pr\u00f3ximas ao per\u00edodo eleitoral.<\/strong><\/p>\n<p style=\"text-align: justify;\"><strong><br \/>\nPropaganda institucional<\/strong><\/p>\n<p style=\"text-align: justify;\">A partir de 1\u00b0 de abril, o TSE (Tribunal Superior Eleitoral) promover\u00e1 propaganda institucional no r\u00e1dio e na TV destinada a incentivar a participa\u00e7\u00e3o feminina, dos jovens e da comunidade negra na pol\u00edtica, bem como esclarecer os cidad\u00e3os sobre as regras e o funcionamento do sistema eleitoral. As emissoras dever\u00e3o destinar at\u00e9 cinco minutos di\u00e1rios de sua programa\u00e7\u00e3o, cont\u00ednuos ou n\u00e3o, para veicula\u00e7\u00e3o das campanhas do TSE.<\/p>\n<p class=\"sharify-container\" style=\"text-align: justify;\">\u00a0Fonte: AERP.<\/p>\n","protected":false},"excerpt":{"rendered":"<p>A partir de 2018, as emissoras de r\u00e1dio e televis\u00e3o\u00a0n\u00e3o&hellip;<\/p>\n<p> <a class=\"more-link\" href=\"https:\/\/sertsc.org.br\/site\/extincao-da-propaganda-partidaria-gratuita-no-radio-e-televisao-e-novas-regras-para-propaganda-eleitoral-em-2018-saiba-o-que-mudou\/\">Leia mais<\/a><\/p>\n","protected":false},"author":1,"featured_media":6465,"comment_status":"closed","ping_status":"open","sticky":false,"template":"","format":"standard","meta":{"footnotes":""},"categories":[33],"tags":[67,50,70,65,51,62,43,52,63,66,64,71,53,54,46,60,47,56,61,58,69,59],"class_list":{"0":"post-6464","1":"post","2":"type-post","3":"status-publish","4":"format-standard","5":"has-post-thumbnail","7":"category-destaques","8":"tag-capacitacao","9":"tag-emissoras-de-radio","10":"tag-emissoras-de-radio-e-tv","11":"tag-emissoras-de-tv","12":"tag-encontro-regional","13":"tag-gestao","14":"tag-mctic","15":"tag-migracao-am-fm","16":"tag-planejamento-estrategico","17":"tag-radio-e-tv","18":"tag-redes-sociais","19":"tag-reforma-trabalhista","20":"tag-representante-patronal","21":"tag-santa-catarina","22":"tag-sc","23":"tag-seminarios","24":"tag-sertsc","25":"tag-sindicato-patronal","26":"tag-televisao","27":"tag-tv","28":"tag-tv-aberta","29":"tag-tv-digital"},"_links":{"self":[{"href":"https:\/\/sertsc.org.br\/site\/wp-json\/wp\/v2\/posts\/6464","targetHints":{"allow":["GET"]}}],"collection":[{"href":"https:\/\/sertsc.org.br\/site\/wp-json\/wp\/v2\/posts"}],"about":[{"href":"https:\/\/sertsc.org.br\/site\/wp-json\/wp\/v2\/types\/post"}],"author":[{"embeddable":true,"href":"https:\/\/sertsc.org.br\/site\/wp-json\/wp\/v2\/users\/1"}],"replies":[{"embeddable":true,"href":"https:\/\/sertsc.org.br\/site\/wp-json\/wp\/v2\/comments?post=6464"}],"version-history":[{"count":0,"href":"https:\/\/sertsc.org.br\/site\/wp-json\/wp\/v2\/posts\/6464\/revisions"}],"wp:featuredmedia":[{"embeddable":true,"href":"https:\/\/sertsc.org.br\/site\/wp-json\/"}],"wp:attachment":[{"href":"https:\/\/sertsc.org.br\/site\/wp-json\/wp\/v2\/media?parent=6464"}],"wp:term":[{"taxonomy":"category","embeddable":true,"href":"https:\/\/sertsc.org.br\/site\/wp-json\/wp\/v2\/categories?post=6464"},{"taxonomy":"post_tag","embeddable":true,"href":"https:\/\/sertsc.org.br\/site\/wp-json\/wp\/v2\/tags?post=6464"}],"curies":[{"name":"wp","href":"https:\/\/api.w.org\/{rel}","templated":true}]}}