{"id":6462,"date":"2018-01-09T09:50:21","date_gmt":"2018-01-09T11:50:21","guid":{"rendered":"http:\/\/www.sertsc.org.br\/site\/?p=6462"},"modified":"2018-01-09T09:50:21","modified_gmt":"2018-01-09T11:50:21","slug":"smartphones-e-auto-radios-sao-os-aparelhos-mais-usados-para-ouvir-musicas","status":"publish","type":"post","link":"https:\/\/sertsc.org.br\/site\/smartphones-e-auto-radios-sao-os-aparelhos-mais-usados-para-ouvir-musicas\/","title":{"rendered":"Smartphones e auto-r\u00e1dios s\u00e3o os aparelhos mais usados para ouvir m\u00fasicas"},"content":{"rendered":"<p class=\"font-16\" style=\"text-align: justify;\">Pesquisa da Music Business Association, investigou quais seriam os dispositivos mais utilizados para ouvir m\u00fasicas no mercado americano<\/p>\n<p style=\"text-align: justify;\">A pesquisa \u201cMusic Consumption: The Overall Landscape 2017\u201d da Music Business Association, investigou quais seriam os dispositivos mais utilizados para ouvir m\u00fasicas no mercado americano.<\/p>\n<p style=\"text-align: justify;\">Sem ser surpresa, a pesquisa indicou que o aparelho de r\u00e1dio \u00e9 o mais usado.<\/p>\n<p style=\"text-align: justify;\">Outra conclus\u00e3o do estudo: o r\u00e1dio do carro \u00e9 mais utilizado que os demais aparelhos de r\u00e1dio. Por outro lado, smartphones e computadores (desktops e laptops) s\u00e3o mais utilizados que os r\u00e1dios do carro ou dos demais quando considerados em separado.<\/p>\n<p><img decoding=\"async\" src=\"http:\/\/acaert.com.br\/app\/webroot\/files\/ckeditor\/images\/pesquisa-radio.jpg\" alt=\"\" \/><\/p>\n<p>&nbsp;<\/p>\n<p>Fonte: ZYDigital.<\/p>\n","protected":false},"excerpt":{"rendered":"<p>Pesquisa da Music Business Association, investigou quais seriam os dispositivos&hellip;<\/p>\n<p> <a class=\"more-link\" href=\"https:\/\/sertsc.org.br\/site\/smartphones-e-auto-radios-sao-os-aparelhos-mais-usados-para-ouvir-musicas\/\">Leia mais<\/a><\/p>\n","protected":false},"author":1,"featured_media":6308,"comment_status":"closed","ping_status":"open","sticky":false,"template":"","format":"standard","meta":{"footnotes":""},"categories":[3],"tags":[67,50,70,65,51,62,43,52,63,66,64,71,53,54,46,60,47,56,61,58,69,59],"class_list":{"0":"post-6462","1":"post","2":"type-post","3":"status-publish","4":"format-standard","5":"has-post-thumbnail","7":"category-noticias","8":"tag-capacitacao","9":"tag-emissoras-de-radio","10":"tag-emissoras-de-radio-e-tv","11":"tag-emissoras-de-tv","12":"tag-encontro-regional","13":"tag-gestao","14":"tag-mctic","15":"tag-migracao-am-fm","16":"tag-planejamento-estrategico","17":"tag-radio-e-tv","18":"tag-redes-sociais","19":"tag-reforma-trabalhista","20":"tag-representante-patronal","21":"tag-santa-catarina","22":"tag-sc","23":"tag-seminarios","24":"tag-sertsc","25":"tag-sindicato-patronal","26":"tag-televisao","27":"tag-tv","28":"tag-tv-aberta","29":"tag-tv-digital"},"_links":{"self":[{"href":"https:\/\/sertsc.org.br\/site\/wp-json\/wp\/v2\/posts\/6462","targetHints":{"allow":["GET"]}}],"collection":[{"href":"https:\/\/sertsc.org.br\/site\/wp-json\/wp\/v2\/posts"}],"about":[{"href":"https:\/\/sertsc.org.br\/site\/wp-json\/wp\/v2\/types\/post"}],"author":[{"embeddable":true,"href":"https:\/\/sertsc.org.br\/site\/wp-json\/wp\/v2\/users\/1"}],"replies":[{"embeddable":true,"href":"https:\/\/sertsc.org.br\/site\/wp-json\/wp\/v2\/comments?post=6462"}],"version-history":[{"count":0,"href":"https:\/\/sertsc.org.br\/site\/wp-json\/wp\/v2\/posts\/6462\/revisions"}],"wp:featuredmedia":[{"embeddable":true,"href":"https:\/\/sertsc.org.br\/site\/wp-json\/"}],"wp:attachment":[{"href":"https:\/\/sertsc.org.br\/site\/wp-json\/wp\/v2\/media?parent=6462"}],"wp:term":[{"taxonomy":"category","embeddable":true,"href":"https:\/\/sertsc.org.br\/site\/wp-json\/wp\/v2\/categories?post=6462"},{"taxonomy":"post_tag","embeddable":true,"href":"https:\/\/sertsc.org.br\/site\/wp-json\/wp\/v2\/tags?post=6462"}],"curies":[{"name":"wp","href":"https:\/\/api.w.org\/{rel}","templated":true}]}}