{"id":6459,"date":"2018-01-09T09:08:09","date_gmt":"2018-01-09T11:08:09","guid":{"rendered":"http:\/\/www.sertsc.org.br\/site\/?p=6459"},"modified":"2018-01-09T09:08:09","modified_gmt":"2018-01-09T11:08:09","slug":"acert-elege-nova-diretoria-para-bienio-20182019-no-ceara","status":"publish","type":"post","link":"https:\/\/sertsc.org.br\/site\/acert-elege-nova-diretoria-para-bienio-20182019-no-ceara\/","title":{"rendered":"ACERT elege nova diretoria para bi\u00eanio 2018\/2019 no Cear\u00e1"},"content":{"rendered":"<p style=\"text-align: justify;\">A Associa\u00e7\u00e3o Cearense de Emissoras de R\u00e1dio e Televis\u00e3o (ACERT) elegeu nesta segunda-feira (8) a nova diretoria para o bi\u00eanio 2018\/2019. A Assembleia Geral Ordin\u00e1ria para elei\u00e7\u00e3o dos novos dirigentes foi realizada na sede da ACERT, em Fortaleza.<\/p>\n<p style=\"text-align: justify;\">Com a maci\u00e7a presen\u00e7a de radiodifusores de todas as regi\u00f5es do Estado, foram eleitos os novos componentes do Conselho Diretor, Conselho Fiscal e Conselho Superior da entidade. Para a presid\u00eancia da associa\u00e7\u00e3o foi escolhido o radialista e jornalista Paulo C\u00e9sar Nor\u00f5es, que substituir\u00e1 Carmen L\u00facia Dummar Azulai.<\/p>\n<p style=\"text-align: justify;\">Paulo C\u00e9sar Nor\u00f5es \u00e9 filho de Edilmar Nor\u00f5es (falecido em outubro de 2015), que tamb\u00e9m j\u00e1 presidiu a associa\u00e7\u00e3o. A nova diretoria da entidade que congrega os dirigentes das emissoras de r\u00e1dio e televis\u00e3o do Cear\u00e1 tem a seguinte constitui\u00e7\u00e3o:<\/p>\n<p style=\"text-align: justify;\"><em>Presidente: Paulo C\u00e9sar St\u00fadart Nor\u00f5es Coelho. Vice-Presidentes: Carmen L\u00facia Rocha Dummar Azulai, Cyro Jos\u00e9 Franklin Tomaz e Francisco Roberto Moreira de Oliveira.<\/em><\/p>\n<p style=\"text-align: justify;\"><em>1\u00ba Diretor Financeiro: Jo\u00e3o Jorge Furtado Cavalcante. 2\u00ba Diretor Financeiro: Ruy do Cear\u00e1 Filho. 1\u00ba Diretor Secret\u00e1rio: F\u00e1bio Rocha Martins. 2\u00ba Diretor Secret\u00e1rio: Francisco de Assis Oliveira. Diretor de Patrim\u00f4nio: Francisco de Souza Posid\u00f4nio. Diretor de Rela\u00e7\u00f5es Exteriores: Francisco Anast\u00e1cio de Sousa Marinho. Diretor de Marketing: Marcos Ribeiro da Costa Erthal Tardin.<\/em><\/p>\n<p style=\"text-align: justify;\"><em>Conselho Fiscal: Jos\u00e9 R\u00eago Filho, Luiz Aguiar Vale e Sandoval Braga Junior. Suplentes do Conselho Fiscal: Luiz Carlos Castelo Branco Mour\u00e3o, S\u00e9rgio Cals de Oliveira e Antonio Adilson Eufrasino de Pinho.<\/em><\/p>\n<p style=\"text-align: justify;\"><em>Conselho Superior: Alberto Bardawil, Carmen L\u00facia Rocha Dummar Azulai, Edson Queiroz Neto, Etevaldo Nogueira Filho, Raimundo Anselmo Lima Moror\u00f3, Jaime Machado da Ponte Filho e Jo\u00e3o Dummar Neto.<\/em><\/p>\n<p style=\"text-align: justify;\">Fonte: Tudo R\u00e1dio.<\/p>\n","protected":false},"excerpt":{"rendered":"<p>A Associa\u00e7\u00e3o Cearense de Emissoras de R\u00e1dio e Televis\u00e3o (ACERT)&hellip;<\/p>\n<p> <a class=\"more-link\" href=\"https:\/\/sertsc.org.br\/site\/acert-elege-nova-diretoria-para-bienio-20182019-no-ceara\/\">Leia mais<\/a><\/p>\n","protected":false},"author":1,"featured_media":6460,"comment_status":"closed","ping_status":"open","sticky":false,"template":"","format":"standard","meta":{"footnotes":""},"categories":[3],"tags":[67,50,70,65,51,62,43,52,63,66,64,71,53,54,46,60,47,56,61,58,69,59],"class_list":{"0":"post-6459","1":"post","2":"type-post","3":"status-publish","4":"format-standard","5":"has-post-thumbnail","7":"category-noticias","8":"tag-capacitacao","9":"tag-emissoras-de-radio","10":"tag-emissoras-de-radio-e-tv","11":"tag-emissoras-de-tv","12":"tag-encontro-regional","13":"tag-gestao","14":"tag-mctic","15":"tag-migracao-am-fm","16":"tag-planejamento-estrategico","17":"tag-radio-e-tv","18":"tag-redes-sociais","19":"tag-reforma-trabalhista","20":"tag-representante-patronal","21":"tag-santa-catarina","22":"tag-sc","23":"tag-seminarios","24":"tag-sertsc","25":"tag-sindicato-patronal","26":"tag-televisao","27":"tag-tv","28":"tag-tv-aberta","29":"tag-tv-digital"},"_links":{"self":[{"href":"https:\/\/sertsc.org.br\/site\/wp-json\/wp\/v2\/posts\/6459","targetHints":{"allow":["GET"]}}],"collection":[{"href":"https:\/\/sertsc.org.br\/site\/wp-json\/wp\/v2\/posts"}],"about":[{"href":"https:\/\/sertsc.org.br\/site\/wp-json\/wp\/v2\/types\/post"}],"author":[{"embeddable":true,"href":"https:\/\/sertsc.org.br\/site\/wp-json\/wp\/v2\/users\/1"}],"replies":[{"embeddable":true,"href":"https:\/\/sertsc.org.br\/site\/wp-json\/wp\/v2\/comments?post=6459"}],"version-history":[{"count":0,"href":"https:\/\/sertsc.org.br\/site\/wp-json\/wp\/v2\/posts\/6459\/revisions"}],"wp:featuredmedia":[{"embeddable":true,"href":"https:\/\/sertsc.org.br\/site\/wp-json\/"}],"wp:attachment":[{"href":"https:\/\/sertsc.org.br\/site\/wp-json\/wp\/v2\/media?parent=6459"}],"wp:term":[{"taxonomy":"category","embeddable":true,"href":"https:\/\/sertsc.org.br\/site\/wp-json\/wp\/v2\/categories?post=6459"},{"taxonomy":"post_tag","embeddable":true,"href":"https:\/\/sertsc.org.br\/site\/wp-json\/wp\/v2\/tags?post=6459"}],"curies":[{"name":"wp","href":"https:\/\/api.w.org\/{rel}","templated":true}]}}