{"id":6456,"date":"2018-01-09T08:42:46","date_gmt":"2018-01-09T10:42:46","guid":{"rendered":"http:\/\/www.sertsc.org.br\/site\/?p=6456"},"modified":"2018-01-09T08:42:46","modified_gmt":"2018-01-09T10:42:46","slug":"seja-digital-realiza-mutirao-de-agendamento-e-instalacao-na-grande-florianopolis","status":"publish","type":"post","link":"https:\/\/sertsc.org.br\/site\/seja-digital-realiza-mutirao-de-agendamento-e-instalacao-na-grande-florianopolis\/","title":{"rendered":"Seja Digital realiza mutir\u00e3o de agendamento e instala\u00e7\u00e3o na Grande Florian\u00f3polis"},"content":{"rendered":"<p class=\"font-16\" style=\"text-align: justify;\"><strong>O sinal anal\u00f3gico ser\u00e1 desligado na regi\u00e3o no dia 31 de janeiro<\/strong><\/p>\n<p style=\"text-align: justify;\">Nos pr\u00f3ximos dias, mais de 20 bairros de Florian\u00f3polis, S\u00e3o Jos\u00e9, Palho\u00e7a e Bigua\u00e7u v\u00e3o receber os mutir\u00f5es do Seja Digital para realizar o agendamento das fam\u00edlias que t\u00eam direito a retirar os kits gratuitos, com antena digital e conversor com controle remoto. A entidade que \u00e9 respons\u00e1vel pela opera\u00e7\u00e3o e migra\u00e7\u00e3o do sinal de TV no Brasil, tamb\u00e9m realizar\u00e1 a instala\u00e7\u00e3o para quem j\u00e1 retirou o kit.<\/p>\n<p style=\"text-align: justify;\">\u00a0Para saber se tem direito e agendar a retirada dos equipamentos, os moradores das cidades de Florian\u00f3polis, S\u00e3o Jos\u00e9, Palho\u00e7a, Bigua\u00e7u, Paulo Lopes, S\u00e3o Pedro de Alc\u00e2ntara e Ant\u00f4nio Carlos podem acessar o site sejadigital.com.br\/kit ou ligar gratuitamente para o n\u00famero 147 com o NIS (N\u00famero de Identifica\u00e7\u00e3o Social) em m\u00e3os.<\/p>\n<p style=\"text-align: justify;\">\u00a0O sinal anal\u00f3gico ser\u00e1 desligado na regi\u00e3o no dia 31 de janeiro.<\/p>\n<p style=\"text-align: justify;\">\u00a0<strong>Abaixo, as datas e bairros por onde os mutir\u00f5es ir\u00e3o passar:<\/strong><\/p>\n<div><\/div>\n<div>08\/01 \u2013 Tapera (Fpolis)<\/div>\n<div>09\/01 \u2013 Brejar\u00fa, Frei Dami\u00e3o (Palho\u00e7a) e Ingleses (Fpolis)<\/div>\n<div>10\/01 \u2013 Ponte do Imaru\u00ed, Morro da Penitenci\u00e1ria, Mocot\u00f3 e Jos\u00e9 Mendes<\/div>\n<div>11\/01 \u2013 Saco Grande (Fpolis) e Morar Bem (SJ)<\/div>\n<div>12\/01 \u2013 S\u00e3o Sebasti\u00e3o (Palho\u00e7a), Saveiros e Fundos (Bigua\u00e7u)<\/div>\n<div>13\/01 \u2013 Morro do Mocot\u00f3, Morro do 25, Hor\u00e1cio, Jos\u00e9 Mendes e Morro da Queimada<\/div>\n<div>14\/01 \u2013 Costeira do Pirajuba\u00e9<\/div>\n<div>15\/01 \u2013 Tapera, Campeche e Caminho Novo (Palho\u00e7a)<\/div>\n<div>16\/01 \u2013 Bela Vista (Palho\u00e7a)<\/div>\n<div>17\/01 \u2013 Guarda do Cubat\u00e3o (Palho\u00e7a)<\/div>\n<div>18\/01 \u2013 Ingleses<\/div>\n<div>19\/01 \u2013 Saco Grande<\/div>\n<div>20\/01 \u2013 Pachecos (Palho\u00e7a)<\/div>\n<div>21\/01 \u2013 Morro da Penitenci\u00e1ria<\/div>\n<div>22\/01 \u2013 Real Parque (SJ)<\/div>\n<p class=\"font-11\" style=\"text-align: justify;\">Fonte:\u00a0ACAERT.<\/p>\n","protected":false},"excerpt":{"rendered":"<p>O sinal anal\u00f3gico ser\u00e1 desligado na regi\u00e3o no dia 31&hellip;<\/p>\n<p> <a class=\"more-link\" href=\"https:\/\/sertsc.org.br\/site\/seja-digital-realiza-mutirao-de-agendamento-e-instalacao-na-grande-florianopolis\/\">Leia mais<\/a><\/p>\n","protected":false},"author":1,"featured_media":6457,"comment_status":"closed","ping_status":"open","sticky":false,"template":"","format":"standard","meta":{"footnotes":""},"categories":[3],"tags":[67,50,70,65,51,62,43,52,63,66,64,71,53,54,46,60,47,56,61,58,69,59],"class_list":{"0":"post-6456","1":"post","2":"type-post","3":"status-publish","4":"format-standard","5":"has-post-thumbnail","7":"category-noticias","8":"tag-capacitacao","9":"tag-emissoras-de-radio","10":"tag-emissoras-de-radio-e-tv","11":"tag-emissoras-de-tv","12":"tag-encontro-regional","13":"tag-gestao","14":"tag-mctic","15":"tag-migracao-am-fm","16":"tag-planejamento-estrategico","17":"tag-radio-e-tv","18":"tag-redes-sociais","19":"tag-reforma-trabalhista","20":"tag-representante-patronal","21":"tag-santa-catarina","22":"tag-sc","23":"tag-seminarios","24":"tag-sertsc","25":"tag-sindicato-patronal","26":"tag-televisao","27":"tag-tv","28":"tag-tv-aberta","29":"tag-tv-digital"},"_links":{"self":[{"href":"https:\/\/sertsc.org.br\/site\/wp-json\/wp\/v2\/posts\/6456","targetHints":{"allow":["GET"]}}],"collection":[{"href":"https:\/\/sertsc.org.br\/site\/wp-json\/wp\/v2\/posts"}],"about":[{"href":"https:\/\/sertsc.org.br\/site\/wp-json\/wp\/v2\/types\/post"}],"author":[{"embeddable":true,"href":"https:\/\/sertsc.org.br\/site\/wp-json\/wp\/v2\/users\/1"}],"replies":[{"embeddable":true,"href":"https:\/\/sertsc.org.br\/site\/wp-json\/wp\/v2\/comments?post=6456"}],"version-history":[{"count":0,"href":"https:\/\/sertsc.org.br\/site\/wp-json\/wp\/v2\/posts\/6456\/revisions"}],"wp:featuredmedia":[{"embeddable":true,"href":"https:\/\/sertsc.org.br\/site\/wp-json\/"}],"wp:attachment":[{"href":"https:\/\/sertsc.org.br\/site\/wp-json\/wp\/v2\/media?parent=6456"}],"wp:term":[{"taxonomy":"category","embeddable":true,"href":"https:\/\/sertsc.org.br\/site\/wp-json\/wp\/v2\/categories?post=6456"},{"taxonomy":"post_tag","embeddable":true,"href":"https:\/\/sertsc.org.br\/site\/wp-json\/wp\/v2\/tags?post=6456"}],"curies":[{"name":"wp","href":"https:\/\/api.w.org\/{rel}","templated":true}]}}