{"id":6451,"date":"2018-01-08T15:30:17","date_gmt":"2018-01-08T17:30:17","guid":{"rendered":"http:\/\/www.sertsc.org.br\/site\/?p=6451"},"modified":"2018-01-08T15:30:17","modified_gmt":"2018-01-08T17:30:17","slug":"emissoras-podem-reproduzir-conteudo-gratuito-da-radio-senado","status":"publish","type":"post","link":"https:\/\/sertsc.org.br\/site\/emissoras-podem-reproduzir-conteudo-gratuito-da-radio-senado\/","title":{"rendered":"Emissoras podem reproduzir conte\u00fado gratuito da R\u00e1dio Senado"},"content":{"rendered":"<p style=\"text-align: justify;\">Para usufruir da nova ferramenta, a r\u00e1dio precisa fazer um cadastro no site<\/p>\n<p style=\"text-align: justify;\">Um novo servi\u00e7o da R\u00e1dio Senado promete beneficiar as r\u00e1dios brasileiras. Agora, emissoras de todo pa\u00eds podem reproduzir gratuitamente o material disponibilizado pela ag\u00eancia.<\/p>\n<p>O conte\u00fado abrange not\u00edcias atualizadas sobre os principais acontecimentos do Congresso Nacional, entrevistas, reportagens especiais sobre temas diversos, discursos de parlamentares no plen\u00e1rio, al\u00e9m de programas jornal\u00edsticos e culturais.<\/p>\n<p>Para usufruir da nova ferramenta, a r\u00e1dio precisa fazer um cadastro no site www.senado.leg.br\/radioagencia e criar um login. \u00c9 poss\u00edvel pesquisar os \u00e1udios por assunto, estado, tempo de dura\u00e7\u00e3o, senadores citados e formato (mat\u00e9ria, entrevista, tipo de programa e discurso). O download \u00e9 feito em formato mp3 e, para veicular o material, basta identificar que o produto \u00e9 de autoria da R\u00e1dio Senado.<\/p>\n<p>Para mais informa\u00e7\u00f5es, entre em contato diretamente com a equipe da R\u00e1dio Senado pelo telefone (61) 3303-1337 ou pelo e-mail radioagencia@senado.leg.br<\/p>\n<p>Fonte: Abert<\/p>\n","protected":false},"excerpt":{"rendered":"<p>Para usufruir da nova ferramenta, a r\u00e1dio precisa fazer um&hellip;<\/p>\n<p> <a class=\"more-link\" href=\"https:\/\/sertsc.org.br\/site\/emissoras-podem-reproduzir-conteudo-gratuito-da-radio-senado\/\">Leia mais<\/a><\/p>\n","protected":false},"author":1,"featured_media":6452,"comment_status":"closed","ping_status":"open","sticky":false,"template":"","format":"standard","meta":{"footnotes":""},"categories":[3],"tags":[67,50,70,65,51,62,43,52,63,66,64,71,53,54,46,60,47,56,61,58,69,59],"class_list":{"0":"post-6451","1":"post","2":"type-post","3":"status-publish","4":"format-standard","5":"has-post-thumbnail","7":"category-noticias","8":"tag-capacitacao","9":"tag-emissoras-de-radio","10":"tag-emissoras-de-radio-e-tv","11":"tag-emissoras-de-tv","12":"tag-encontro-regional","13":"tag-gestao","14":"tag-mctic","15":"tag-migracao-am-fm","16":"tag-planejamento-estrategico","17":"tag-radio-e-tv","18":"tag-redes-sociais","19":"tag-reforma-trabalhista","20":"tag-representante-patronal","21":"tag-santa-catarina","22":"tag-sc","23":"tag-seminarios","24":"tag-sertsc","25":"tag-sindicato-patronal","26":"tag-televisao","27":"tag-tv","28":"tag-tv-aberta","29":"tag-tv-digital"},"_links":{"self":[{"href":"https:\/\/sertsc.org.br\/site\/wp-json\/wp\/v2\/posts\/6451","targetHints":{"allow":["GET"]}}],"collection":[{"href":"https:\/\/sertsc.org.br\/site\/wp-json\/wp\/v2\/posts"}],"about":[{"href":"https:\/\/sertsc.org.br\/site\/wp-json\/wp\/v2\/types\/post"}],"author":[{"embeddable":true,"href":"https:\/\/sertsc.org.br\/site\/wp-json\/wp\/v2\/users\/1"}],"replies":[{"embeddable":true,"href":"https:\/\/sertsc.org.br\/site\/wp-json\/wp\/v2\/comments?post=6451"}],"version-history":[{"count":0,"href":"https:\/\/sertsc.org.br\/site\/wp-json\/wp\/v2\/posts\/6451\/revisions"}],"wp:featuredmedia":[{"embeddable":true,"href":"https:\/\/sertsc.org.br\/site\/wp-json\/"}],"wp:attachment":[{"href":"https:\/\/sertsc.org.br\/site\/wp-json\/wp\/v2\/media?parent=6451"}],"wp:term":[{"taxonomy":"category","embeddable":true,"href":"https:\/\/sertsc.org.br\/site\/wp-json\/wp\/v2\/categories?post=6451"},{"taxonomy":"post_tag","embeddable":true,"href":"https:\/\/sertsc.org.br\/site\/wp-json\/wp\/v2\/tags?post=6451"}],"curies":[{"name":"wp","href":"https:\/\/api.w.org\/{rel}","templated":true}]}}