{"id":6448,"date":"2018-01-05T16:22:14","date_gmt":"2018-01-05T18:22:14","guid":{"rendered":"http:\/\/www.sertsc.org.br\/site\/?p=6448"},"modified":"2018-01-05T16:22:14","modified_gmt":"2018-01-05T18:22:14","slug":"sinal-digital-chegara-todas-as-capitais-brasileiras-em-2018","status":"publish","type":"post","link":"https:\/\/sertsc.org.br\/site\/sinal-digital-chegara-todas-as-capitais-brasileiras-em-2018\/","title":{"rendered":"Sinal digital chegar\u00e1 a todas as capitais brasileiras em 2018"},"content":{"rendered":"<div class=\"itemIntroText\">\n<p style=\"text-align: justify;\">At\u00e9 o final de 2018, todas as capitais brasileiras ter\u00e3o o sinal de TV 100% digital. Desde o in\u00edcio do processo, em 2016, 200 cidades j\u00e1 desligaram o sinal anal\u00f3gico e 60 milh\u00f5es de pessoas j\u00e1 recebem o sinal em casa.<\/p>\n<\/div>\n<div class=\"itemFullText\" style=\"text-align: justify;\">\n<p>Curitiba (PR), Florian\u00f3polis (SC) e Porto Alegre (RS), al\u00e9m de algumas cidades de S\u00e3o Paulo ter\u00e3o o sinal anal\u00f3gico desligado em 31 de janeiro. Em 85 cidades pr\u00f3ximas a Campinas, 19 do Vale do Para\u00edba, 20 de Ribeir\u00e3o Preto e 25 de Franca, em S\u00e3o Paulo, o desligamento ser\u00e1 gradativo, chegando ao fim no \u00faltimo dia do m\u00eas.<\/p>\n<p>No Paran\u00e1, o sinal digital chega a Curitiba e outros 26 munic\u00edpios: Almirante Tamandar\u00e9, Arauc\u00e1ria, Balsa Nova, Bocaiuva do Sul, Campina Grande do Sul, Campo Largo, Campo Magro, Carambe\u00ed, Colombo, Contenda, Fazenda Rio Grande, Guaratuba, Imbituva, Itaperu\u00e7u, Lapa, Mandirituba, Palmeira, Pinhais, Piraquara, Ponta Grossa, Quatro Barras, Rio Branco do Sul, S\u00e3o Jose dos Pinhais, Teixeira Soares, Tijucas do Sul, Tunas do Paran\u00e1.<\/p>\n<p>Em Santa Catarina, o sinal anal\u00f3gico ser\u00e1 desligado na capital, Florian\u00f3polis, e em outras quatro cidades: S\u00e3o Jos\u00e9, Palho\u00e7a, Bigua\u00e7u e Paulo Lopes.<\/p>\n<p>Tamb\u00e9m est\u00e1 previsto para o fim de janeiro o desligamento em quase 90 cidades ga\u00fachas, al\u00e9m de Porto Alegre.<\/p>\n<p>De acordo com o cronograma estabelecido pelo governo federal, em mar\u00e7o, o sinal anal\u00f3gico ser\u00e1 desligado em S\u00e3o Luis (MA) e cidades vizinhas.<\/p>\n<p>Em maio, ser\u00e1 a vez das cidades das regi\u00f5es Norte e Nordeste: Aracaju (SE), Jo\u00e3o Pessoa (PB), Macei\u00f3 (AL), Natal (RN), Teresina (PI), Bel\u00e9m (PA) e Manaus (AM).<\/p>\n<p>O sinal digital chegar\u00e1 para os moradores de Boa Vista (RR), Macap\u00e1 (AP), Rio Branco (AC), Palmas (TO), Campo Grande (MS) e Cuiab\u00e1 (MT) em novembro.<\/p>\n<p><strong>Kits Digitais<\/strong><\/p>\n<p>Televisores fabricados ap\u00f3s 2012 j\u00e1 est\u00e3o aptos para receber o novo sinal. As demais televis\u00f5es dever\u00e3o ser adequadas com os kits digitais que cont\u00eam conversor digital, antena e cabo.<\/p>\n<p>Fam\u00edlias integrantes de programas do governo federal t\u00eam direito a um kit gratuito. Basta retir\u00e1-lo nos feir\u00f5es digitais realizados em cada cidade, por meio de agendamento pelo telefone 147 (liga\u00e7\u00e3o gratuita) ou pelo site<strong>www.sejadigital.com.br.<\/strong><\/p>\n<p>A Patrulha Digital, composta por t\u00e9cnicos de emissoras e volunt\u00e1rios do Senai, ajudar\u00e3o na instala\u00e7\u00e3o dos kits nas resid\u00eancias. A visita tamb\u00e9m deve ser agendada.<\/p>\n<\/div>\n<p style=\"text-align: justify;\">Fonte: ABERT.<\/p>\n","protected":false},"excerpt":{"rendered":"<p>At\u00e9 o final de 2018, todas as capitais brasileiras ter\u00e3o&hellip;<\/p>\n<p> <a class=\"more-link\" href=\"https:\/\/sertsc.org.br\/site\/sinal-digital-chegara-todas-as-capitais-brasileiras-em-2018\/\">Leia mais<\/a><\/p>\n","protected":false},"author":1,"featured_media":6449,"comment_status":"closed","ping_status":"open","sticky":false,"template":"","format":"standard","meta":{"footnotes":""},"categories":[3],"tags":[67,50,70,65,51,62,43,52,63,66,64,71,53,54,46,60,47,56,61,58,69,59],"class_list":{"0":"post-6448","1":"post","2":"type-post","3":"status-publish","4":"format-standard","5":"has-post-thumbnail","7":"category-noticias","8":"tag-capacitacao","9":"tag-emissoras-de-radio","10":"tag-emissoras-de-radio-e-tv","11":"tag-emissoras-de-tv","12":"tag-encontro-regional","13":"tag-gestao","14":"tag-mctic","15":"tag-migracao-am-fm","16":"tag-planejamento-estrategico","17":"tag-radio-e-tv","18":"tag-redes-sociais","19":"tag-reforma-trabalhista","20":"tag-representante-patronal","21":"tag-santa-catarina","22":"tag-sc","23":"tag-seminarios","24":"tag-sertsc","25":"tag-sindicato-patronal","26":"tag-televisao","27":"tag-tv","28":"tag-tv-aberta","29":"tag-tv-digital"},"_links":{"self":[{"href":"https:\/\/sertsc.org.br\/site\/wp-json\/wp\/v2\/posts\/6448","targetHints":{"allow":["GET"]}}],"collection":[{"href":"https:\/\/sertsc.org.br\/site\/wp-json\/wp\/v2\/posts"}],"about":[{"href":"https:\/\/sertsc.org.br\/site\/wp-json\/wp\/v2\/types\/post"}],"author":[{"embeddable":true,"href":"https:\/\/sertsc.org.br\/site\/wp-json\/wp\/v2\/users\/1"}],"replies":[{"embeddable":true,"href":"https:\/\/sertsc.org.br\/site\/wp-json\/wp\/v2\/comments?post=6448"}],"version-history":[{"count":0,"href":"https:\/\/sertsc.org.br\/site\/wp-json\/wp\/v2\/posts\/6448\/revisions"}],"wp:featuredmedia":[{"embeddable":true,"href":"https:\/\/sertsc.org.br\/site\/wp-json\/"}],"wp:attachment":[{"href":"https:\/\/sertsc.org.br\/site\/wp-json\/wp\/v2\/media?parent=6448"}],"wp:term":[{"taxonomy":"category","embeddable":true,"href":"https:\/\/sertsc.org.br\/site\/wp-json\/wp\/v2\/categories?post=6448"},{"taxonomy":"post_tag","embeddable":true,"href":"https:\/\/sertsc.org.br\/site\/wp-json\/wp\/v2\/tags?post=6448"}],"curies":[{"name":"wp","href":"https:\/\/api.w.org\/{rel}","templated":true}]}}