{"id":6436,"date":"2018-01-03T11:01:06","date_gmt":"2018-01-03T13:01:06","guid":{"rendered":"http:\/\/www.sertsc.org.br\/site\/?p=6436"},"modified":"2018-01-03T11:01:06","modified_gmt":"2018-01-03T13:01:06","slug":"cidades-do-interior-de-sao-paulo-e-vale-do-paraiba-terao-sinal-analogico-desligado","status":"publish","type":"post","link":"https:\/\/sertsc.org.br\/site\/cidades-do-interior-de-sao-paulo-e-vale-do-paraiba-terao-sinal-analogico-desligado\/","title":{"rendered":"Cidades do interior de S\u00e3o Paulo e Vale do Para\u00edba ter\u00e3o sinal anal\u00f3gico desligado"},"content":{"rendered":"<p style=\"text-align: justify;\">Mais dois agrupamentos de cidades de S\u00e3o Paulo v\u00e3o desligar totalmente o sinal anal\u00f3gico de televis\u00e3o no pr\u00f3ximo dia 17 de janeiro: Campinas e mais 84 munic\u00edpios, al\u00e9m de 19 cidades do Vale do Para\u00edba. Nestas duas regi\u00f5es, que juntas somam uma popula\u00e7\u00e3o de cerca de 10 milh\u00f5es de habitantes, a transi\u00e7\u00e3o para o sistema de TV digital teve in\u00edcio em 29 de novembro de 2017.<\/p>\n<p style=\"text-align: justify;\">Em sua \u00faltima reuni\u00e3o de 2017, o Grupo de Implanta\u00e7\u00e3o da TV Digital (Gired) decidiu ampliar o n\u00famero de munic\u00edpios que ter\u00e3o o sinal anal\u00f3gico desligado no dia 31 de janeiro de 2018, incluindo os grupos de cidades paulistas das regi\u00f5es de Franca e de Ribeir\u00e3o Preto. Inicialmente, o cronograma de desligamento nesta data inclu\u00eda as capitais da regi\u00e3o Sul do pa\u00eds: Curitiba e outros 26 munic\u00edpios, Florian\u00f3polis e seis munic\u00edpios no entorno, al\u00e9m de Porto Alegre e outras 106 cidades.<\/p>\n<p style=\"text-align: justify;\">Agora, com a Portaria n\u00ba 7.432, de 20 de dezembro de 2017, tamb\u00e9m ter\u00e3o o sinal anal\u00f3gico desligado em 31 de janeiro as cidades de Franca e mais 24 cidades do entorno, al\u00e9m de Ribeir\u00e3o Preto e outros 19 munic\u00edpios. Nestas duas regi\u00f5es, antes do desligamento ser\u00e1 realizada uma nova pesquisa para medir o percentual de domic\u00edlios que est\u00e3o preparados para receber o sinal digital na TV aberta.\u00a0 Nesses dois agrupamentos, a popula\u00e7\u00e3o atingida pela mudan\u00e7a \u00e9 de 2 milh\u00f5es de habitantes.<\/p>\n<p style=\"text-align: justify;\">A portaria tamb\u00e9m antecipou de 28 de novembro de 2018 para 14 de agosto de 2018 o desligamento do sinal anal\u00f3gico nos seguintes agrupamentos: Boa Vista e Cant\u00e1, em Roraima; Macap\u00e1, Mazag\u00e3o e Santana, no Amap\u00e1; Palmas, Porto Nacional e Barrol\u00e2ndia, no Tocantins; Porto Velho e Candeias do Jamari, em Rond\u00f4nia; Rio Branco, Bujari e Senador Guiomard, no Acre; Cuiab\u00e1 e mais cinco munic\u00edpios de Mato Grosso; Campo Grande e outros tr\u00eas munic\u00edpios de Mato Grosso do Sul.<\/p>\n<p style=\"text-align: justify;\"><strong>Balan\u00e7o<\/strong><\/p>\n<p style=\"text-align: justify;\">Em 2017, 295 munic\u00edpios em todo o pa\u00eds tiveram o sinal anal\u00f3gico desligado. At\u00e9 o m\u00eas de dezembro, 139 estudos de viabilidade para implanta\u00e7\u00e3o das redes LTE e 4G foram aprovados pelo Gired, somando 2.347 novos munic\u00edpios. No total, em 3.489 munic\u00edpios, a faixa de 700 MHz (Megahertz) j\u00e1 se encontra desocupada para canais de televis\u00e3o.<\/p>\n<p style=\"text-align: justify;\">At\u00e9 o momento mais de 3 mil esta\u00e7\u00f5es foram licenciadas na faixa de 700 MHz, abarcando mais de 700 munic\u00edpios no pa\u00eds.<\/p>\n<p style=\"text-align: justify;\">Foram distribu\u00eddos 6.791.584 milh\u00f5es de kits com conversor e antena para recep\u00e7\u00e3o do sinal digital, que s\u00e3o destinados \u00e0s fam\u00edlias de baixa renda cadastradas em programas sociais do governo federal. Os kits podem ser solicitados pelo telefone 147 ou pelo site www.sejadigital.com.br. Em 2018 ser\u00e3o mais 55 milh\u00f5es de pessoas alcan\u00e7adas pela TV Digital.<\/p>\n<p style=\"text-align: justify;\">O sistema digital de TV permite \u00e0 popula\u00e7\u00e3o receber uma programa\u00e7\u00e3o com melhor qualidade de imagem e som, sem interfer\u00eancias como chuviscos ou fantasmas. As vantagens do sinal digital incluem ainda a possibilidade de assistir TV em dispositivos m\u00f3veis; a multiprograma\u00e7\u00e3o, que comporta a transmiss\u00e3o de diferentes programa\u00e7\u00f5es em um mesmo canal; e a possibilidade de interatividade por meio do Ginga, o middleware nacional para a troca de dados diretamente pelo televisor.<\/p>\n<p style=\"text-align: justify;\"><strong>Veja a rela\u00e7\u00e3o de cidades que fazem parte dos agrupamentos no interior de S\u00e3o Paulo<\/strong><\/p>\n<p style=\"text-align: justify;\">Agrupamento de Campinas<\/p>\n<p style=\"text-align: justify;\">Agua\u00ed, \u00c1guas da Prata, \u00c1guas de S\u00e3o Pedro, Alum\u00ednio, Americana, Amparo, Ara\u00e7ariguama, Ara\u00e7oiaba da Serra, Araras, Artur Nogueira, Boituva, Cabre\u00fava, Campinas, Campo Limpo Paulista, Capela do Alto, Capivari, Cerquilho, Charqueada, Conchal, Cordeir\u00f3polis, Cosm\u00f3polis, Elias Fausto, Engenheiro Coelho, Esp\u00edrito Santo do Pinhal, Estiva Gerbi, Holambra, Hortol\u00e2ndia, Indaiatuba, Iper\u00f3, Ipe\u00fana, Iracem\u00e1polis, Itapira, Itatiba, Itobi, Itu, Itupeva, Jaguari\u00fana, Jarinu, Jumirim, Jundia\u00ed, Leme, Limeira, Louveira, Mairinque, Mogi Gua\u00e7u, Mogi Mirim, Mombuca, Monte Mor, Nova Odessa, Paul\u00ednia, Pedreira, Piedade, Piracicaba, Pirassununga, Porto Feliz, Porto Ferreira, Rafard, Rio Claro, Rio das Pedras, Saltinho, Salto, Salto de Pirapora, Santa B\u00e1rbara D&#8217;Oeste, Santa Cruz da Concei\u00e7\u00e3o, Santa Gertrudes, Santa Maria da Serra, Santa Rita do Passa Quatro, Santo Ant\u00f4nio de Posse, S\u00e3o Jo\u00e3o da Boa Vista, S\u00e3o Pedro, S\u00e3o Roque, Serra Negra, Socorro, Sorocaba, Sumar\u00e9, Tamba\u00fa, Tapira\u00ed, Tatu\u00ed, Tiet\u00ea, Torrinha, Valinhos, Vargem Grande do Sul, V\u00e1rzea Paulista, Vinhedo e Votorantim.<\/p>\n<p style=\"text-align: justify;\">Agrupamento do Vale do Para\u00edba<\/p>\n<p style=\"text-align: justify;\">Aparecida, Atibaia, Bragan\u00e7a Paulista, Ca\u00e7apava, Cachoeira Paulista, Campos do Jord\u00e3o, Canas, Cruzeiro, Guaratinguet\u00e1, Igarat\u00e1, Jacare\u00ed, Lorena, Pindamonhangaba, Piquete, Potim, Roseira, S\u00e3o Jos\u00e9 dos Campos, Taubat\u00e9 e Trememb\u00e9.<\/p>\n<p style=\"text-align: justify;\">Agrupamento de Franca<\/p>\n<p style=\"text-align: justify;\">Aramina, Barretos, Batatais, Buritizal, Colina, Col\u00f4mbia, Cristais Paulista, Franca, Gua\u00edra, Guar\u00e1, Igarapava, Ipu\u00e3, Itirapu\u00e3, Ituverava, Jaborandi, Jeriquara, Miguel\u00f3polis, Nuporanga, Patroc\u00ednio Paulista, Pedregulho, Restinga, Ribeir\u00e3o Corrente, Rifaina, S\u00e3o Joaquim da Barra e S\u00e3o Jos\u00e9 da Bela Vista.<\/p>\n<p style=\"text-align: justify;\">Agrupamento de Ribeir\u00e3o Preto<\/p>\n<p style=\"text-align: justify;\">Altin\u00f3polis, Barrinha, Brodowski, Cravinhos, Jaboticabal, Jardin\u00f3polis, Lu\u00eds Ant\u00f4nio, Morro Agudo, Orl\u00e2ndia, Pitangueiras, Pontal, Ribeir\u00e3o Preto, Sales Oliveira, Santa Cruz da Esperan\u00e7a, Santo Ant\u00f4nio da Alegria, S\u00e3o Sim\u00e3o, Serra Azul, Serrana, Sert\u00e3ozinho e Taquaral.<\/p>\n<p style=\"text-align: justify;\">Fonte: MCTIC.<\/p>\n","protected":false},"excerpt":{"rendered":"<p>Mais dois agrupamentos de cidades de S\u00e3o Paulo v\u00e3o desligar&hellip;<\/p>\n<p> <a class=\"more-link\" href=\"https:\/\/sertsc.org.br\/site\/cidades-do-interior-de-sao-paulo-e-vale-do-paraiba-terao-sinal-analogico-desligado\/\">Leia mais<\/a><\/p>\n","protected":false},"author":1,"featured_media":6437,"comment_status":"closed","ping_status":"open","sticky":false,"template":"","format":"standard","meta":{"footnotes":""},"categories":[3],"tags":[67,50,70,65,51,62,43,52,63,66,64,71,53,54,46,60,47,56,61,58,69,59],"class_list":{"0":"post-6436","1":"post","2":"type-post","3":"status-publish","4":"format-standard","5":"has-post-thumbnail","7":"category-noticias","8":"tag-capacitacao","9":"tag-emissoras-de-radio","10":"tag-emissoras-de-radio-e-tv","11":"tag-emissoras-de-tv","12":"tag-encontro-regional","13":"tag-gestao","14":"tag-mctic","15":"tag-migracao-am-fm","16":"tag-planejamento-estrategico","17":"tag-radio-e-tv","18":"tag-redes-sociais","19":"tag-reforma-trabalhista","20":"tag-representante-patronal","21":"tag-santa-catarina","22":"tag-sc","23":"tag-seminarios","24":"tag-sertsc","25":"tag-sindicato-patronal","26":"tag-televisao","27":"tag-tv","28":"tag-tv-aberta","29":"tag-tv-digital"},"_links":{"self":[{"href":"https:\/\/sertsc.org.br\/site\/wp-json\/wp\/v2\/posts\/6436","targetHints":{"allow":["GET"]}}],"collection":[{"href":"https:\/\/sertsc.org.br\/site\/wp-json\/wp\/v2\/posts"}],"about":[{"href":"https:\/\/sertsc.org.br\/site\/wp-json\/wp\/v2\/types\/post"}],"author":[{"embeddable":true,"href":"https:\/\/sertsc.org.br\/site\/wp-json\/wp\/v2\/users\/1"}],"replies":[{"embeddable":true,"href":"https:\/\/sertsc.org.br\/site\/wp-json\/wp\/v2\/comments?post=6436"}],"version-history":[{"count":0,"href":"https:\/\/sertsc.org.br\/site\/wp-json\/wp\/v2\/posts\/6436\/revisions"}],"wp:featuredmedia":[{"embeddable":true,"href":"https:\/\/sertsc.org.br\/site\/wp-json\/"}],"wp:attachment":[{"href":"https:\/\/sertsc.org.br\/site\/wp-json\/wp\/v2\/media?parent=6436"}],"wp:term":[{"taxonomy":"category","embeddable":true,"href":"https:\/\/sertsc.org.br\/site\/wp-json\/wp\/v2\/categories?post=6436"},{"taxonomy":"post_tag","embeddable":true,"href":"https:\/\/sertsc.org.br\/site\/wp-json\/wp\/v2\/tags?post=6436"}],"curies":[{"name":"wp","href":"https:\/\/api.w.org\/{rel}","templated":true}]}}