{"id":6427,"date":"2018-01-03T07:48:51","date_gmt":"2018-01-03T09:48:51","guid":{"rendered":"http:\/\/www.sertsc.org.br\/site\/?p=6427"},"modified":"2018-01-03T07:48:51","modified_gmt":"2018-01-03T09:48:51","slug":"ministro-exonera-pedido-secretaria-de-radiodifusao","status":"publish","type":"post","link":"https:\/\/sertsc.org.br\/site\/ministro-exonera-pedido-secretaria-de-radiodifusao\/","title":{"rendered":"Ministro exonera, a pedido, secret\u00e1ria de radiodifus\u00e3o"},"content":{"rendered":"<p style=\"text-align: justify;\">O Minist\u00e9rio de Ci\u00eancia, Tecnologia, Inova\u00e7\u00f5es e Comunica\u00e7\u00f5es, Gilberto Kassab informa a exonera\u00e7\u00e3o da secret\u00e1ria de radiodifus\u00e3o, Vanda Bonna Nogueira. Ela ser\u00e1 substitu\u00edda interinamente por Mois\u00e9s Queiroz Moreira, assessor especial e ex-chefe da assessoria parlamentar do ministro Gilberto Kassab. O minist\u00e9rio n\u00e3o esclareceu as circunst\u00e2ncias do afastamento de Vanda, mas disse que foi a pedido da pr\u00f3pria secretaria. Em nota, o minist\u00e9rio agradece &#8220;os relevantes servi\u00e7os prestados pela ex-secret\u00e1ria durante o per\u00edodo em que esteve \u00e0 frente da Serad, caracterizados pela compet\u00eancia t\u00e9cnica, lealdade e honestidade, tendo pautado sua conduta em todo este per\u00edodo na obedi\u00eancia aos mais rigorosos preceitos de esp\u00edrito p\u00fablico&#8221;. Segundo apurou este notici\u00e1rio, Vanda n\u00e3o vinha cedendo aos v\u00e1rios pedidos de parlamentares que solicitam tratamento diferenciado na condu\u00e7\u00e3o de alguns processos relacionados a outorgas de radiodifus\u00e3o. Criteriosa em rela\u00e7\u00e3o aos tr\u00e2mites dos processos de radiodifus\u00e3o, Vanda Nogueira era vista como inflex\u00edvel. Esta postura passou a ser problem\u00e1tica para o ministro Kassab, sobretudo na imin\u00eancia da reforma da previd\u00eancia, em que existe uma expectativa grande do governo em rela\u00e7\u00e3o \u00e0 conquista de votos parlamentares.<\/p>\n<p style=\"text-align: justify;\">Fonte: Tela Viva.<\/p>\n","protected":false},"excerpt":{"rendered":"<p>O Minist\u00e9rio de Ci\u00eancia, Tecnologia, Inova\u00e7\u00f5es e Comunica\u00e7\u00f5es, Gilberto Kassab&hellip;<\/p>\n<p> <a class=\"more-link\" href=\"https:\/\/sertsc.org.br\/site\/ministro-exonera-pedido-secretaria-de-radiodifusao\/\">Leia mais<\/a><\/p>\n","protected":false},"author":1,"featured_media":6428,"comment_status":"closed","ping_status":"open","sticky":false,"template":"","format":"standard","meta":{"footnotes":""},"categories":[33],"tags":[67,50,70,65,51,62,43,52,63,66,64,71,53,54,46,60,47,56,61,58,69,59],"class_list":{"0":"post-6427","1":"post","2":"type-post","3":"status-publish","4":"format-standard","5":"has-post-thumbnail","7":"category-destaques","8":"tag-capacitacao","9":"tag-emissoras-de-radio","10":"tag-emissoras-de-radio-e-tv","11":"tag-emissoras-de-tv","12":"tag-encontro-regional","13":"tag-gestao","14":"tag-mctic","15":"tag-migracao-am-fm","16":"tag-planejamento-estrategico","17":"tag-radio-e-tv","18":"tag-redes-sociais","19":"tag-reforma-trabalhista","20":"tag-representante-patronal","21":"tag-santa-catarina","22":"tag-sc","23":"tag-seminarios","24":"tag-sertsc","25":"tag-sindicato-patronal","26":"tag-televisao","27":"tag-tv","28":"tag-tv-aberta","29":"tag-tv-digital"},"_links":{"self":[{"href":"https:\/\/sertsc.org.br\/site\/wp-json\/wp\/v2\/posts\/6427","targetHints":{"allow":["GET"]}}],"collection":[{"href":"https:\/\/sertsc.org.br\/site\/wp-json\/wp\/v2\/posts"}],"about":[{"href":"https:\/\/sertsc.org.br\/site\/wp-json\/wp\/v2\/types\/post"}],"author":[{"embeddable":true,"href":"https:\/\/sertsc.org.br\/site\/wp-json\/wp\/v2\/users\/1"}],"replies":[{"embeddable":true,"href":"https:\/\/sertsc.org.br\/site\/wp-json\/wp\/v2\/comments?post=6427"}],"version-history":[{"count":0,"href":"https:\/\/sertsc.org.br\/site\/wp-json\/wp\/v2\/posts\/6427\/revisions"}],"wp:featuredmedia":[{"embeddable":true,"href":"https:\/\/sertsc.org.br\/site\/wp-json\/"}],"wp:attachment":[{"href":"https:\/\/sertsc.org.br\/site\/wp-json\/wp\/v2\/media?parent=6427"}],"wp:term":[{"taxonomy":"category","embeddable":true,"href":"https:\/\/sertsc.org.br\/site\/wp-json\/wp\/v2\/categories?post=6427"},{"taxonomy":"post_tag","embeddable":true,"href":"https:\/\/sertsc.org.br\/site\/wp-json\/wp\/v2\/tags?post=6427"}],"curies":[{"name":"wp","href":"https:\/\/api.w.org\/{rel}","templated":true}]}}