{"id":6423,"date":"2017-12-21T15:11:37","date_gmt":"2017-12-21T17:11:37","guid":{"rendered":"http:\/\/www.sertsc.org.br\/site\/?p=6423"},"modified":"2017-12-21T15:11:37","modified_gmt":"2017-12-21T17:11:37","slug":"aumentar-potencia-e-liberar-propaganda-para-radio-comunitaria-desvirtuam-mercado-da-radiodifusao-afirma-abert","status":"publish","type":"post","link":"https:\/\/sertsc.org.br\/site\/aumentar-potencia-e-liberar-propaganda-para-radio-comunitaria-desvirtuam-mercado-da-radiodifusao-afirma-abert\/","title":{"rendered":"\u201cAumentar pot\u00eancia e liberar propaganda para r\u00e1dio comunit\u00e1ria desvirtuam mercado da radiodifus\u00e3o\u201d, afirma ABERT"},"content":{"rendered":"<div class=\"itemIntroText\">\n<p style=\"text-align: justify;\">Tramitam no Congresso Nacional diversos projetos de lei que t\u00eam como objetivo alterar a legisla\u00e7\u00e3o para as r\u00e1dios comunit\u00e1rias e educativas.<\/p>\n<\/div>\n<div class=\"itemFullText\">\n<p style=\"text-align: justify;\">Dois desses projetos s\u00e3o do senador H\u00e9lio Jos\u00e9 (PROS-DF). O PLS 513\/2017 prev\u00ea o aumento do limite de pot\u00eancia e da quantidade de canais em frequ\u00eancia modulada (FM) para o servi\u00e7o de radiodifus\u00e3o comunit\u00e1ria.<br \/>\nJ\u00e1 o PLS 27\/2016 permite a veicula\u00e7\u00e3o de tr\u00eas minutos de propaganda por hora nas emissoras comunit\u00e1rias.<\/p>\n<p style=\"text-align: justify;\">A ABERT tem combatido firmemente propostas como as apresentadas pelo senador do DF e afirma que os dois projetos, juntamente com dezenas de outros no mesmo sentido, ir\u00e3o \u201cdesvirtuar o mercado de radiodifus\u00e3o\u201d.<\/p>\n<p style=\"text-align: justify;\">O diretor geral, Luis Roberto Antonik, ressalta que o processo para obten\u00e7\u00e3o de outorga de funcionamento de uma r\u00e1dio comercial \u00e9 demorado, burocr\u00e1tico e caro; j\u00e1 a licen\u00e7a para operar uma r\u00e1dio comunit\u00e1ria ou educativa \u00e9 sum\u00e1ria, simplificada e, o mais importante, gratuita.<\/p>\n<p style=\"text-align: justify;\">&#8220;Essas propostas s\u00e3o oportunistas e ir\u00e3o desvirtuar o mercado de radiodifus\u00e3o. Quando o Estado concede a concess\u00e3o de algum bem do qual \u00e9 propriet\u00e1rio a um particular, e esse vai explor\u00e1-lo com fins econ\u00f4micos, ou seja, visando a obten\u00e7\u00e3o de lucros, o governo cobra pela concess\u00e3o, assim como \u00e9 feito na telefonia celular, apenas para mencionar um exemplo.<\/p>\n<p style=\"text-align: justify;\">Assim tamb\u00e9m \u00e9 com o r\u00e1dio e a televis\u00e3o. No Brasil, existem quatro tipos de r\u00e1dio. Tr\u00eas s\u00e3o concedidas a t\u00edtulo gratuito, como as institucionais (R\u00e1dio Senado, R\u00e1dio C\u00e2mara) ou governamentais, educativas (universit\u00e1rias) e comunit\u00e1rias (pequenas emissoras que atendem a um bairro). A quarta, cuja concess\u00e3o \u00e9 paga, \u00e9 a r\u00e1dio comercial.<\/p>\n<p style=\"text-align: justify;\">As tr\u00eas primeiras n\u00e3o podem veicular propaganda comercial (pre\u00e7o e produto), apenas institucional; j\u00e1 as emissoras comerciais podem veicular qualquer tipo de publicidade, mas nesse caso, \u00e9 preciso pagar pela concess\u00e3o&#8221;, afirma Antonik.<\/p>\n<p style=\"text-align: justify;\">O Brasil tem hoje quase 6 mil emissoras comunit\u00e1rias. De acordo com Antonik, \u201ca aprova\u00e7\u00e3o desses projetos ir\u00e1 equiparar as r\u00e1dios comunit\u00e1rias com as comerciais. O radiodifusor comunit\u00e1rio que quiser explorar propaganda e ter uma pot\u00eancia de transmiss\u00e3o alta, deve buscar uma concess\u00e3o de uma r\u00e1dio comercial com as mesmas regras e obriga\u00e7\u00f5es dos radiodifusores comerciais\u201d, justifica.<\/p>\n<p style=\"text-align: justify;\">&#8220;A falta de maturidade institucional prejudica os brasileiros. Primeiro, o esfor\u00e7o \u00e9 para conseguir o bem, depois, tentam mudar as regras para adequ\u00e1-las ao interessado&#8221;, conclui.<\/p>\n<p style=\"text-align: justify;\">Fonte: ABERT.<\/p>\n<\/div>\n","protected":false},"excerpt":{"rendered":"<p>Tramitam no Congresso Nacional diversos projetos de lei que t\u00eam&hellip;<\/p>\n<p> <a class=\"more-link\" href=\"https:\/\/sertsc.org.br\/site\/aumentar-potencia-e-liberar-propaganda-para-radio-comunitaria-desvirtuam-mercado-da-radiodifusao-afirma-abert\/\">Leia mais<\/a><\/p>\n","protected":false},"author":1,"featured_media":6424,"comment_status":"closed","ping_status":"open","sticky":false,"template":"","format":"standard","meta":{"footnotes":""},"categories":[3],"tags":[67,50,70,65,51,62,43,52,63,66,64,71,53,54,46,60,47,56,61,58,69,59],"class_list":{"0":"post-6423","1":"post","2":"type-post","3":"status-publish","4":"format-standard","5":"has-post-thumbnail","7":"category-noticias","8":"tag-capacitacao","9":"tag-emissoras-de-radio","10":"tag-emissoras-de-radio-e-tv","11":"tag-emissoras-de-tv","12":"tag-encontro-regional","13":"tag-gestao","14":"tag-mctic","15":"tag-migracao-am-fm","16":"tag-planejamento-estrategico","17":"tag-radio-e-tv","18":"tag-redes-sociais","19":"tag-reforma-trabalhista","20":"tag-representante-patronal","21":"tag-santa-catarina","22":"tag-sc","23":"tag-seminarios","24":"tag-sertsc","25":"tag-sindicato-patronal","26":"tag-televisao","27":"tag-tv","28":"tag-tv-aberta","29":"tag-tv-digital"},"_links":{"self":[{"href":"https:\/\/sertsc.org.br\/site\/wp-json\/wp\/v2\/posts\/6423","targetHints":{"allow":["GET"]}}],"collection":[{"href":"https:\/\/sertsc.org.br\/site\/wp-json\/wp\/v2\/posts"}],"about":[{"href":"https:\/\/sertsc.org.br\/site\/wp-json\/wp\/v2\/types\/post"}],"author":[{"embeddable":true,"href":"https:\/\/sertsc.org.br\/site\/wp-json\/wp\/v2\/users\/1"}],"replies":[{"embeddable":true,"href":"https:\/\/sertsc.org.br\/site\/wp-json\/wp\/v2\/comments?post=6423"}],"version-history":[{"count":0,"href":"https:\/\/sertsc.org.br\/site\/wp-json\/wp\/v2\/posts\/6423\/revisions"}],"wp:featuredmedia":[{"embeddable":true,"href":"https:\/\/sertsc.org.br\/site\/wp-json\/"}],"wp:attachment":[{"href":"https:\/\/sertsc.org.br\/site\/wp-json\/wp\/v2\/media?parent=6423"}],"wp:term":[{"taxonomy":"category","embeddable":true,"href":"https:\/\/sertsc.org.br\/site\/wp-json\/wp\/v2\/categories?post=6423"},{"taxonomy":"post_tag","embeddable":true,"href":"https:\/\/sertsc.org.br\/site\/wp-json\/wp\/v2\/tags?post=6423"}],"curies":[{"name":"wp","href":"https:\/\/api.w.org\/{rel}","templated":true}]}}