{"id":6408,"date":"2017-12-21T08:24:53","date_gmt":"2017-12-21T10:24:53","guid":{"rendered":"http:\/\/www.sertsc.org.br\/site\/?p=6408"},"modified":"2017-12-21T08:24:53","modified_gmt":"2017-12-21T10:24:53","slug":"fm-no-celular-amirt-lanca-campanha-para-orientar-populacao","status":"publish","type":"post","link":"https:\/\/sertsc.org.br\/site\/fm-no-celular-amirt-lanca-campanha-para-orientar-populacao\/","title":{"rendered":"FM no Celular: AMIRT lan\u00e7a campanha para orientar popula\u00e7\u00e3o"},"content":{"rendered":"<p style=\"text-align: justify;\">A Associa\u00e7\u00e3o Mineira de R\u00e1dio e Televis\u00e3o (AMIRT) lan\u00e7ou campanha para conscientizar a popula\u00e7\u00e3o sobre o chip de FM em aparelhos de celular. Pra quem n\u00e3o sabe, o chip de FM j\u00e1 vem instalado na maioria dos aparelhos de celular, mas, por motivos comerciais, est\u00e1 desabilitado. Desta forma, a ativa\u00e7\u00e3o do chip n\u00e3o elevaria o valor dos aparelhos.<\/p>\n<p style=\"text-align: justify;\">N\u00e3o seja enganado. Exija celular com R\u00e1dio!<\/p>\n<p><span class=\"embed-youtube\"><iframe class=\"youtube-player\" src=\"http:\/\/www.youtube.com\/embed\/qpEcXi6YVR0?version=3&amp;rel=1&amp;fs=1&amp;autohide=2&amp;showsearch=0&amp;showinfo=1&amp;iv_load_policy=1&amp;wmode=transparent\" width=\"640\" height=\"390\" allowfullscreen=\"allowfullscreen\" data-mce-fragment=\"1\"><\/iframe><\/span><\/p>\n<p>Clique\u00a0<a href=\"https:\/\/we.tl\/qYDNHtoAiZ\"><strong>AQUI<\/strong><\/a>\u00a0para baixar o v\u00eddeo.<\/p>\n<p>&nbsp;<\/p>\n<p>Fonte: AMIRT<\/p>\n<p>&nbsp;<\/p>\n","protected":false},"excerpt":{"rendered":"<p>A Associa\u00e7\u00e3o Mineira de R\u00e1dio e Televis\u00e3o (AMIRT) lan\u00e7ou campanha&hellip;<\/p>\n<p> <a class=\"more-link\" href=\"https:\/\/sertsc.org.br\/site\/fm-no-celular-amirt-lanca-campanha-para-orientar-populacao\/\">Leia mais<\/a><\/p>\n","protected":false},"author":1,"featured_media":6409,"comment_status":"closed","ping_status":"open","sticky":false,"template":"","format":"standard","meta":{"footnotes":""},"categories":[3],"tags":[67,50,70,65,51,62,43,52,63,66,64,71,53,54,46,60,47,56,61,58,69,59],"class_list":{"0":"post-6408","1":"post","2":"type-post","3":"status-publish","4":"format-standard","5":"has-post-thumbnail","7":"category-noticias","8":"tag-capacitacao","9":"tag-emissoras-de-radio","10":"tag-emissoras-de-radio-e-tv","11":"tag-emissoras-de-tv","12":"tag-encontro-regional","13":"tag-gestao","14":"tag-mctic","15":"tag-migracao-am-fm","16":"tag-planejamento-estrategico","17":"tag-radio-e-tv","18":"tag-redes-sociais","19":"tag-reforma-trabalhista","20":"tag-representante-patronal","21":"tag-santa-catarina","22":"tag-sc","23":"tag-seminarios","24":"tag-sertsc","25":"tag-sindicato-patronal","26":"tag-televisao","27":"tag-tv","28":"tag-tv-aberta","29":"tag-tv-digital"},"_links":{"self":[{"href":"https:\/\/sertsc.org.br\/site\/wp-json\/wp\/v2\/posts\/6408","targetHints":{"allow":["GET"]}}],"collection":[{"href":"https:\/\/sertsc.org.br\/site\/wp-json\/wp\/v2\/posts"}],"about":[{"href":"https:\/\/sertsc.org.br\/site\/wp-json\/wp\/v2\/types\/post"}],"author":[{"embeddable":true,"href":"https:\/\/sertsc.org.br\/site\/wp-json\/wp\/v2\/users\/1"}],"replies":[{"embeddable":true,"href":"https:\/\/sertsc.org.br\/site\/wp-json\/wp\/v2\/comments?post=6408"}],"version-history":[{"count":0,"href":"https:\/\/sertsc.org.br\/site\/wp-json\/wp\/v2\/posts\/6408\/revisions"}],"wp:featuredmedia":[{"embeddable":true,"href":"https:\/\/sertsc.org.br\/site\/wp-json\/"}],"wp:attachment":[{"href":"https:\/\/sertsc.org.br\/site\/wp-json\/wp\/v2\/media?parent=6408"}],"wp:term":[{"taxonomy":"category","embeddable":true,"href":"https:\/\/sertsc.org.br\/site\/wp-json\/wp\/v2\/categories?post=6408"},{"taxonomy":"post_tag","embeddable":true,"href":"https:\/\/sertsc.org.br\/site\/wp-json\/wp\/v2\/tags?post=6408"}],"curies":[{"name":"wp","href":"https:\/\/api.w.org\/{rel}","templated":true}]}}