{"id":6405,"date":"2017-12-20T10:46:32","date_gmt":"2017-12-20T12:46:32","guid":{"rendered":"http:\/\/www.sertsc.org.br\/site\/?p=6405"},"modified":"2017-12-20T10:46:32","modified_gmt":"2017-12-20T12:46:32","slug":"novos-mercados-tecnologias-e-tendencias-serao-destaque-no-28o-congresso-da-abert","status":"publish","type":"post","link":"https:\/\/sertsc.org.br\/site\/novos-mercados-tecnologias-e-tendencias-serao-destaque-no-28o-congresso-da-abert\/","title":{"rendered":"Novos mercados, tecnologias e tend\u00eancias ser\u00e3o destaque no 28\u00ba Congresso da ABERT"},"content":{"rendered":"<div class=\"itemIntroText\">\n<p style=\"text-align: justify;\">\u201cSomos r\u00e1dio e televis\u00e3o: informa\u00e7\u00e3o e entretenimento gratuitos com credibilidade. Somos Brasil!\u201d \u00e9 o tema do 28\u00ba Congresso da ABERT, que acontece nos dias 21 e 22 de agosto de 2018, no Centro de Conven\u00e7\u00f5es Brasil 21, em Bras\u00edlia. Radiodifusores e profissionais da comunica\u00e7\u00e3o de todo o pa\u00eds v\u00e3o se reunir para discutir a multiplica\u00e7\u00e3o das m\u00eddias no meio web, novos mercados e tend\u00eancias.<\/p>\n<\/div>\n<div class=\"itemFullText\">\n<p style=\"text-align: justify;\">\u201cConsiderando o sucesso do \u00faltimo congresso, que reuniu 1,2 mil pessoas de todos os estados brasileiros e de outros pa\u00edses, os participantes do 28\u00ba Congresso podem esperar um evento com muito conte\u00fado e aprendizado\u201d, afirma o diretor geral da ABERT, Luis Roberto Antonik.<\/p>\n<p style=\"text-align: justify;\">O 28\u00ba Congresso Brasileiro de Radiodifus\u00e3o ter\u00e1, al\u00e9m dos pain\u00e9is, oficinas sobre propaganda program\u00e1tica, sistema Mosaico da Anatel, automa\u00e7\u00e3o e como aumentar a receita da emissora.<\/p>\n<p style=\"text-align: justify;\"><strong>Pain\u00e9is<\/strong><\/p>\n<p style=\"text-align: justify;\">A ABERT levar\u00e1 grandes nomes nacionais e internacionais das \u00e1reas de radiodifus\u00e3o e tecnologia para discutir informa\u00e7\u00e3o gratuita e com credibilidade na nova era digital. A cerim\u00f4nia de abertura, com a participa\u00e7\u00e3o do presidente da Rep\u00fablica, Michel Temer, ministros de Estado e empres\u00e1rios do setor, vai marcar o in\u00edcio das atividades do congresso.<\/p>\n<p style=\"text-align: justify;\">No segundo dia, os participantes assistir\u00e3o palestras sobre os desafios de mercado impostos pela tecnologia, liberdade de express\u00e3o, r\u00e1dio e interatividade, al\u00e9m de assuntos regulat\u00f3rios e comerciais.<\/p>\n<p style=\"text-align: justify;\">As inscri\u00e7\u00f5es para o 28\u00ba Congresso Brasileiro de Radiodifus\u00e3o ser\u00e3o abertas em janeiro.<\/p>\n<p style=\"text-align: justify;\">Fonte: ABERT.<\/p>\n<p style=\"text-align: justify;\"><img decoding=\"async\" class=\"alignleft size-medium wp-image-6406\" src=\"http:\/\/www.sertsc.org.br\/site\/wp-content\/uploads\/2017\/12\/abert_banner_elet_2-300x150.png\" alt=\"abert_banner_elet_2\" width=\"300\" height=\"150\" \/><\/p>\n<\/div>\n","protected":false},"excerpt":{"rendered":"<p>\u201cSomos r\u00e1dio e televis\u00e3o: informa\u00e7\u00e3o e entretenimento gratuitos com credibilidade.&hellip;<\/p>\n<p> <a class=\"more-link\" href=\"https:\/\/sertsc.org.br\/site\/novos-mercados-tecnologias-e-tendencias-serao-destaque-no-28o-congresso-da-abert\/\">Leia mais<\/a><\/p>\n","protected":false},"author":1,"featured_media":6406,"comment_status":"closed","ping_status":"open","sticky":false,"template":"","format":"standard","meta":{"footnotes":""},"categories":[3],"tags":[67,50,70,65,51,62,43,52,63,66,64,71,53,54,46,60,47,56,61,58,69,59],"class_list":{"0":"post-6405","1":"post","2":"type-post","3":"status-publish","4":"format-standard","5":"has-post-thumbnail","7":"category-noticias","8":"tag-capacitacao","9":"tag-emissoras-de-radio","10":"tag-emissoras-de-radio-e-tv","11":"tag-emissoras-de-tv","12":"tag-encontro-regional","13":"tag-gestao","14":"tag-mctic","15":"tag-migracao-am-fm","16":"tag-planejamento-estrategico","17":"tag-radio-e-tv","18":"tag-redes-sociais","19":"tag-reforma-trabalhista","20":"tag-representante-patronal","21":"tag-santa-catarina","22":"tag-sc","23":"tag-seminarios","24":"tag-sertsc","25":"tag-sindicato-patronal","26":"tag-televisao","27":"tag-tv","28":"tag-tv-aberta","29":"tag-tv-digital"},"_links":{"self":[{"href":"https:\/\/sertsc.org.br\/site\/wp-json\/wp\/v2\/posts\/6405","targetHints":{"allow":["GET"]}}],"collection":[{"href":"https:\/\/sertsc.org.br\/site\/wp-json\/wp\/v2\/posts"}],"about":[{"href":"https:\/\/sertsc.org.br\/site\/wp-json\/wp\/v2\/types\/post"}],"author":[{"embeddable":true,"href":"https:\/\/sertsc.org.br\/site\/wp-json\/wp\/v2\/users\/1"}],"replies":[{"embeddable":true,"href":"https:\/\/sertsc.org.br\/site\/wp-json\/wp\/v2\/comments?post=6405"}],"version-history":[{"count":0,"href":"https:\/\/sertsc.org.br\/site\/wp-json\/wp\/v2\/posts\/6405\/revisions"}],"wp:featuredmedia":[{"embeddable":true,"href":"https:\/\/sertsc.org.br\/site\/wp-json\/"}],"wp:attachment":[{"href":"https:\/\/sertsc.org.br\/site\/wp-json\/wp\/v2\/media?parent=6405"}],"wp:term":[{"taxonomy":"category","embeddable":true,"href":"https:\/\/sertsc.org.br\/site\/wp-json\/wp\/v2\/categories?post=6405"},{"taxonomy":"post_tag","embeddable":true,"href":"https:\/\/sertsc.org.br\/site\/wp-json\/wp\/v2\/tags?post=6405"}],"curies":[{"name":"wp","href":"https:\/\/api.w.org\/{rel}","templated":true}]}}