{"id":6398,"date":"2017-12-19T16:14:56","date_gmt":"2017-12-19T18:14:56","guid":{"rendered":"http:\/\/www.sertsc.org.br\/site\/?p=6398"},"modified":"2017-12-19T16:14:56","modified_gmt":"2017-12-19T18:14:56","slug":"por-mais-um-ano-projeto-da-flexibilizacao-da-voz-do-brasil-fica-sem-votacao-na-camara-dos-deputados","status":"publish","type":"post","link":"https:\/\/sertsc.org.br\/site\/por-mais-um-ano-projeto-da-flexibilizacao-da-voz-do-brasil-fica-sem-votacao-na-camara-dos-deputados\/","title":{"rendered":"Por mais um ano, projeto da flexibiliza\u00e7\u00e3o da Voz do Brasil fica sem vota\u00e7\u00e3o na C\u00e2mara dos Deputados"},"content":{"rendered":"<p style=\"text-align: justify;\">O Projeto de Lei que prev\u00ea a flexibiliza\u00e7\u00e3o da transmiss\u00e3o do programa A Voz do Brasil ficou fora da pauta de discuss\u00e3o da C\u00e2mara dos Deputados neste ano. A sess\u00e3o legislativa de 2017 ser\u00e1 encerrada nesta sexta-feira (22) e o projeto n\u00e3o ser\u00e1 discutido neste ano.<\/p>\n<p style=\"text-align: justify;\">O Projeto de Lei 595\/2003 &#8211; que disp\u00f5e sobre a obrigatoriedade de emissoras de radiodifus\u00e3o transmitirem o programa oficial dos Poderes da Rep\u00fablica \u2013 est\u00e1 sem movimenta\u00e7\u00e3o na C\u00e2mara dos Deputados desde julho do ano passado. A \u00faltima tramita\u00e7\u00e3o do projeto foi a inclus\u00e3o na pauta de vota\u00e7\u00e3o do dia 6 de julho de 2016, quando deixou de ser apreciada pela \u201cfalta de tempo\u201d dos parlamentares.<\/p>\n<p>A \u00faltima tramita\u00e7\u00e3o de flexibiliza\u00e7\u00e3o do hor\u00e1rio de transmiss\u00e3o da Voz do Brasil foi pela Medida Provis\u00f3ria 742\/16, que permitiu a mudan\u00e7a da transmiss\u00e3o devido a disputa dos Jogo Ol\u00edmpicos no Brasil. O \u00faltimo dia de vig\u00eancia da norma foi 22 de novembro de 2016.<\/p>\n<p style=\"text-align: justify;\">O assunto foi tema de debates durante os congressos de radiodifus\u00e3o realizados pelo Brasil. A Associa\u00e7\u00e3o Ga\u00facha das Emissoras de R\u00e1dio e Televis\u00e3o (AGERT) elaborou a Carta de Canela no 24\u00ba Congresso Ga\u00facho de Emissoras de R\u00e1dio e Televis\u00e3o, realizado em outubro, em Canela, na Serra Ga\u00facha, que, entre outros assuntos, solicita a vota\u00e7\u00e3o e aprova\u00e7\u00e3o do projeto que flexibiliza a transmiss\u00e3o da Voz do Brasil.<\/p>\n<p style=\"text-align: justify;\">Em setembro, presidente da R\u00e1dio Itatiaia FM 95.7 AM 610 de Belo Horizonte, Emanuel Carneiro, aproveitou a sess\u00e3o solene que a C\u00e2mara dos Deputados realizou em comemora\u00e7\u00e3o ao anivers\u00e1rio da emissora para pedir a flexibiliza\u00e7\u00e3o do hor\u00e1rio de veicula\u00e7\u00e3o da A Voz do Brasil. \u201cTodas as r\u00e1dios param a partir das 19 horas. Estamos em uma luta intensa para que \u2018A Voz do Brasil\u2019 possa ser transmitida em hor\u00e1rios alternativos\u201d, afirmou. Segundo Carneiro, a mudan\u00e7a possibilitar\u00e1 uma presta\u00e7\u00e3o de servi\u00e7o melhor para a popula\u00e7\u00e3o.<\/p>\n<p style=\"text-align: justify;\">Fonte: Tudo R\u00e1dio.<\/p>\n","protected":false},"excerpt":{"rendered":"<p>O Projeto de Lei que prev\u00ea a flexibiliza\u00e7\u00e3o da transmiss\u00e3o&hellip;<\/p>\n<p> <a class=\"more-link\" href=\"https:\/\/sertsc.org.br\/site\/por-mais-um-ano-projeto-da-flexibilizacao-da-voz-do-brasil-fica-sem-votacao-na-camara-dos-deputados\/\">Leia mais<\/a><\/p>\n","protected":false},"author":1,"featured_media":6399,"comment_status":"closed","ping_status":"open","sticky":false,"template":"","format":"standard","meta":{"footnotes":""},"categories":[3],"tags":[67,50,70,65,51,62,43,52,63,66,64,71,53,54,46,60,47,56,61,58,69,59],"class_list":{"0":"post-6398","1":"post","2":"type-post","3":"status-publish","4":"format-standard","5":"has-post-thumbnail","7":"category-noticias","8":"tag-capacitacao","9":"tag-emissoras-de-radio","10":"tag-emissoras-de-radio-e-tv","11":"tag-emissoras-de-tv","12":"tag-encontro-regional","13":"tag-gestao","14":"tag-mctic","15":"tag-migracao-am-fm","16":"tag-planejamento-estrategico","17":"tag-radio-e-tv","18":"tag-redes-sociais","19":"tag-reforma-trabalhista","20":"tag-representante-patronal","21":"tag-santa-catarina","22":"tag-sc","23":"tag-seminarios","24":"tag-sertsc","25":"tag-sindicato-patronal","26":"tag-televisao","27":"tag-tv","28":"tag-tv-aberta","29":"tag-tv-digital"},"_links":{"self":[{"href":"https:\/\/sertsc.org.br\/site\/wp-json\/wp\/v2\/posts\/6398","targetHints":{"allow":["GET"]}}],"collection":[{"href":"https:\/\/sertsc.org.br\/site\/wp-json\/wp\/v2\/posts"}],"about":[{"href":"https:\/\/sertsc.org.br\/site\/wp-json\/wp\/v2\/types\/post"}],"author":[{"embeddable":true,"href":"https:\/\/sertsc.org.br\/site\/wp-json\/wp\/v2\/users\/1"}],"replies":[{"embeddable":true,"href":"https:\/\/sertsc.org.br\/site\/wp-json\/wp\/v2\/comments?post=6398"}],"version-history":[{"count":0,"href":"https:\/\/sertsc.org.br\/site\/wp-json\/wp\/v2\/posts\/6398\/revisions"}],"wp:featuredmedia":[{"embeddable":true,"href":"https:\/\/sertsc.org.br\/site\/wp-json\/"}],"wp:attachment":[{"href":"https:\/\/sertsc.org.br\/site\/wp-json\/wp\/v2\/media?parent=6398"}],"wp:term":[{"taxonomy":"category","embeddable":true,"href":"https:\/\/sertsc.org.br\/site\/wp-json\/wp\/v2\/categories?post=6398"},{"taxonomy":"post_tag","embeddable":true,"href":"https:\/\/sertsc.org.br\/site\/wp-json\/wp\/v2\/tags?post=6398"}],"curies":[{"name":"wp","href":"https:\/\/api.w.org\/{rel}","templated":true}]}}