{"id":6395,"date":"2017-12-19T10:40:51","date_gmt":"2017-12-19T12:40:51","guid":{"rendered":"http:\/\/www.sertsc.org.br\/site\/?p=6395"},"modified":"2017-12-19T10:40:51","modified_gmt":"2017-12-19T12:40:51","slug":"tempo-medio-na-internet-aumenta-e-o-radio-se-mantem-estavel","status":"publish","type":"post","link":"https:\/\/sertsc.org.br\/site\/tempo-medio-na-internet-aumenta-e-o-radio-se-mantem-estavel\/","title":{"rendered":"Tempo m\u00e9dio na internet aumenta e o r\u00e1dio se mant\u00e9m est\u00e1vel"},"content":{"rendered":"<p style=\"text-align: justify;\">O tempo m\u00e9dio de consumo de internet em desktops, tablets e smartphones vem aumentando nos \u00faltimos anos. Nos smartphones, por exemplo,\u00a0ele dobrou no segundo trimestre de 2017 comparado com o mesmo per\u00edodo de 2015.<\/p>\n<p style=\"text-align: justify;\">Entretanto, este crescimento de consumo est\u00e1 sendo suportado por um aumento no tempo total de consumo das diversas m\u00eddias e n\u00e3o pela migra\u00e7\u00e3o de audi\u00eancia entre elas. O r\u00e1dio, por exemplo, manteve o seu tempo mesmo patamar entre 2015 e 2017.<\/p>\n<p style=\"text-align: justify;\">Os dados s\u00e3o da Nielsen, para o mercado americano.<\/p>\n<p>&nbsp;<\/p>\n<p><img fetchpriority=\"high\" decoding=\"async\" class=\"size-full wp-image-9576 aligncenter\" src=\"http:\/\/zydigital.com.br\/wp-content\/uploads\/2017\/12\/tempo-medio-por-adulto-18-por-dia-eua.png\" sizes=\"(max-width: 780px) 100vw, 780px\" srcset=\"http:\/\/zydigital.com.br\/wp-content\/uploads\/2017\/12\/tempo-medio-por-adulto-18-por-dia-eua.png 780w, http:\/\/zydigital.com.br\/wp-content\/uploads\/2017\/12\/tempo-medio-por-adulto-18-por-dia-eua-300x157.png 300w, http:\/\/zydigital.com.br\/wp-content\/uploads\/2017\/12\/tempo-medio-por-adulto-18-por-dia-eua-768x403.png 768w\" alt=\"\" width=\"780\" height=\"409\" \/><\/p>\n<p>&nbsp;<\/p>\n<p>Fonte: Nielsen \/ The Nielsen Total Audience Report Q2 2017<\/p>\n","protected":false},"excerpt":{"rendered":"<p>O tempo m\u00e9dio de consumo de internet em desktops, tablets&hellip;<\/p>\n<p> <a class=\"more-link\" href=\"https:\/\/sertsc.org.br\/site\/tempo-medio-na-internet-aumenta-e-o-radio-se-mantem-estavel\/\">Leia mais<\/a><\/p>\n","protected":false},"author":1,"featured_media":6396,"comment_status":"closed","ping_status":"open","sticky":false,"template":"","format":"standard","meta":{"footnotes":""},"categories":[3],"tags":[67,50,70,65,51,62,43,52,63,66,64,71,53,54,46,60,47,56,61,58,69,59],"class_list":{"0":"post-6395","1":"post","2":"type-post","3":"status-publish","4":"format-standard","5":"has-post-thumbnail","7":"category-noticias","8":"tag-capacitacao","9":"tag-emissoras-de-radio","10":"tag-emissoras-de-radio-e-tv","11":"tag-emissoras-de-tv","12":"tag-encontro-regional","13":"tag-gestao","14":"tag-mctic","15":"tag-migracao-am-fm","16":"tag-planejamento-estrategico","17":"tag-radio-e-tv","18":"tag-redes-sociais","19":"tag-reforma-trabalhista","20":"tag-representante-patronal","21":"tag-santa-catarina","22":"tag-sc","23":"tag-seminarios","24":"tag-sertsc","25":"tag-sindicato-patronal","26":"tag-televisao","27":"tag-tv","28":"tag-tv-aberta","29":"tag-tv-digital"},"_links":{"self":[{"href":"https:\/\/sertsc.org.br\/site\/wp-json\/wp\/v2\/posts\/6395","targetHints":{"allow":["GET"]}}],"collection":[{"href":"https:\/\/sertsc.org.br\/site\/wp-json\/wp\/v2\/posts"}],"about":[{"href":"https:\/\/sertsc.org.br\/site\/wp-json\/wp\/v2\/types\/post"}],"author":[{"embeddable":true,"href":"https:\/\/sertsc.org.br\/site\/wp-json\/wp\/v2\/users\/1"}],"replies":[{"embeddable":true,"href":"https:\/\/sertsc.org.br\/site\/wp-json\/wp\/v2\/comments?post=6395"}],"version-history":[{"count":0,"href":"https:\/\/sertsc.org.br\/site\/wp-json\/wp\/v2\/posts\/6395\/revisions"}],"wp:featuredmedia":[{"embeddable":true,"href":"https:\/\/sertsc.org.br\/site\/wp-json\/"}],"wp:attachment":[{"href":"https:\/\/sertsc.org.br\/site\/wp-json\/wp\/v2\/media?parent=6395"}],"wp:term":[{"taxonomy":"category","embeddable":true,"href":"https:\/\/sertsc.org.br\/site\/wp-json\/wp\/v2\/categories?post=6395"},{"taxonomy":"post_tag","embeddable":true,"href":"https:\/\/sertsc.org.br\/site\/wp-json\/wp\/v2\/tags?post=6395"}],"curies":[{"name":"wp","href":"https:\/\/api.w.org\/{rel}","templated":true}]}}